{"id":7720,"date":"2024-05-22T17:43:03","date_gmt":"2024-05-22T15:43:03","guid":{"rendered":"https:\/\/pasaenmendoza.com\/?p=7720"},"modified":"2024-05-22T17:43:05","modified_gmt":"2024-05-22T15:43:05","slug":"dieron-de-alta-al-intendente-de-tupungato-que-le-paso","status":"publish","type":"post","link":"https:\/\/pasaenmendoza.com\/?p=7720","title":{"rendered":"Dieron de alta al intendente de Tupungato: \u00bfqu\u00e9 le pas\u00f3?"},"content":{"rendered":"\n<p>El\u00a0<strong>intendente<\/strong>\u00a0de\u00a0<strong>Tupungato<\/strong>\u00a0recibi\u00f3 eln luego de haber sido\u00a0<strong>internado<\/strong>\u00a0este martes en el<strong>\u00a0Hospital Central<\/strong>. Los estudios realizados a\u00a0<strong>Gustavo Aguilera\u00a0<\/strong>no arrojaron patolog\u00edas de\u00a0<strong>gravedad<\/strong>, por lo tanto el funcionario dej\u00f3 el nosocomio de\u00a0<strong>Ciudad<\/strong>\u00a0y continuar\u00e1 con los cuidados con tratamiento ambulatorio y controles exhaustivos en su domicilio.<\/p>\n\n\n\n<p>As\u00ed lo indica el parte oficial, luego de que el jefe comunal del departamento del&nbsp;<strong>Valle de Uco<\/strong>&nbsp;ingresara al<strong>&nbsp;Hospital Las Heras<\/strong>&nbsp;por un fuerte<strong>&nbsp;dolor tor\u00e1cico.&nbsp;<\/strong>Frente a un posible pico de presi\u00f3n, y para descartar otras posibilidades m\u00e1s graves, Aguilera fue trasladado al Hospital Central, donde se realiz\u00f3 una serie de estudios. All\u00ed, el Intendente estuvo siempre l\u00facido, hemodinamicamente estable y sin requerimiento de ox\u00edgeno.<\/p>\n\n\n\n<p>&#8220;El pasado domingo, ante un malestar, acud\u00ed por precauci\u00f3n y cuidado de mi salud al Hospital Las Heras, donde recib\u00ed una excelente atenci\u00f3n por parte del personal m\u00e9dico&#8221;, cont\u00f3 el jefe departamental a trav\u00e9s de su cuenta de Instagram<\/p>\n\n\n\n<p>All\u00ed cont\u00f3 que el traslado al Central fue para &#8220;prevenir cualquier posible complicaci\u00f3n futura&#8221; y agreg\u00f3 que &#8220;afortunadamente, los resultados de los estudios<strong>\u00a0fueron favorables<\/strong>\u00a0y me encuentro bien, en casa y siguiendo las recomendaciones de los profesionales de la salud&#8221;.<\/p>\n\n\n\n<p>Por \u00faltimo, Gustavo Aguilera agradeci\u00f3 &#8220;de coraz\u00f3n a cada persona que me ha brindado su apoyo y muestra de afecto&#8221;, siendo para el Intendente &#8220;un gran respaldo&#8221;.<\/p>\n\n\n\n<p>FUENTE: Mendozapost.<\/p>\n","protected":false},"excerpt":{"rendered":"<p>El\u00a0intendente\u00a0de\u00a0Tupungato\u00a0recibi\u00f3 eln luego de haber sido\u00a0internado\u00a0este martes en el\u00a0Hospital Central. Los estudios realizados a\u00a0Gustavo Aguilera\u00a0no arrojaron patolog\u00edas de\u00a0gravedad, por lo tanto el funcionario dej\u00f3 el nosocomio de\u00a0Ciudad\u00a0y continuar\u00e1 con los cuidados con tratamiento ambulatorio y controles exhaustivos en su domicilio. As\u00ed lo indica el parte oficial, luego de que el jefe comunal del departamento del&nbsp;Valle [&hellip;]<\/p>\n","protected":false},"author":2,"featured_media":7721,"comment_status":"open","ping_status":"open","sticky":true,"template":"","format":"standard","meta":[],"categories":[47],"tags":[],"_links":{"self":[{"href":"https:\/\/pasaenmendoza.com\/index.php?rest_route=\/wp\/v2\/posts\/7720"}],"collection":[{"href":"https:\/\/pasaenmendoza.com\/index.php?rest_route=\/wp\/v2\/posts"}],"about":[{"href":"https:\/\/pasaenmendoza.com\/index.php?rest_route=\/wp\/v2\/types\/post"}],"author":[{"embeddable":true,"href":"https:\/\/pasaenmendoza.com\/index.php?rest_route=\/wp\/v2\/users\/2"}],"replies":[{"embeddable":true,"href":"https:\/\/pasaenmendoza.com\/index.php?rest_route=%2Fwp%2Fv2%2Fcomments&post=7720"}],"version-history":[{"count":1,"href":"https:\/\/pasaenmendoza.com\/index.php?rest_route=\/wp\/v2\/posts\/7720\/revisions"}],"predecessor-version":[{"id":7722,"href":"https:\/\/pasaenmendoza.com\/index.php?rest_route=\/wp\/v2\/posts\/7720\/revisions\/7722"}],"wp:featuredmedia":[{"embeddable":true,"href":"https:\/\/pasaenmendoza.com\/index.php?rest_route=\/wp\/v2\/media\/7721"}],"wp:attachment":[{"href":"https:\/\/pasaenmendoza.com\/index.php?rest_route=%2Fwp%2Fv2%2Fmedia&parent=7720"}],"wp:term":[{"taxonomy":"category","embeddable":true,"href":"https:\/\/pasaenmendoza.com\/index.php?rest_route=%2Fwp%2Fv2%2Fcategories&post=7720"},{"taxonomy":"post_tag","embeddable":true,"href":"https:\/\/pasaenmendoza.com\/index.php?rest_route=%2Fwp%2Fv2%2Ftags&post=7720"}],"curies":[{"name":"wp","href":"https:\/\/api.w.org\/{rel}","templated":true}]}}