{"id":7726,"date":"2024-05-22T23:36:54","date_gmt":"2024-05-22T21:36:54","guid":{"rendered":"https:\/\/pasaenmendoza.com\/?p=7726"},"modified":"2024-05-22T23:36:55","modified_gmt":"2024-05-22T21:36:55","slug":"feriado-del-25-de-mayo-el-70-de-los-comerciantes-de-ciudad-abriran-al-menos-medio-dia","status":"publish","type":"post","link":"https:\/\/pasaenmendoza.com\/?p=7726","title":{"rendered":"Feriado del 25 de mayo: el 70% de los comerciantes de Ciudad abrir\u00e1n al menos medio d\u00eda"},"content":{"rendered":"\n<p>La\u00a0<strong>C\u00e1mara\u00a0<\/strong>Empresaria,\u00a0<strong>Comercio<\/strong>, Industria, Turismo y Servicios (Cecitys) de\u00a0<strong>Ciudad\u00a0<\/strong>realiz\u00f3 una\u00a0<strong>encuesta\u00a0<\/strong>a los principales comercios del centro y el\u00a0<strong>33%\u00a0<\/strong>de los vendedores inform\u00f3 que\u00a0<strong>abrir\u00e1\u00a0<\/strong>de manera\u00a0<strong>normal\u00a0<\/strong>y el\u00a0<strong>37%<\/strong>\u00a0solamente\u00a0<strong>medio d\u00eda<\/strong>\u00a0este s\u00e1bado\u00a0<strong>25 de mayo<\/strong>, feriado nacional por la celebraci\u00f3n del D\u00eda de la Patria.<\/p>\n\n\n\n<p>De esta forma, se desprende del informe que realizaron que el 70% abrir\u00e1 al menos durante la ma\u00f1ana. El restante&nbsp;<strong>30%<\/strong>&nbsp;de los encuestados decidi\u00f3&nbsp;<strong>no responder<\/strong>&nbsp;a la encuesta debido a que no decidieron a\u00fan la modalidad de trabajo para dicha fecha al momento del sondeo.<\/p>\n\n\n\n<p>&#8220;Desde el sector privado nos han expresado la necesidad de abrir el comercio para cubrir costos.\u00a0<strong>No hay una recaudaci\u00f3n suficiente<\/strong>\u00a0<strong>para cerrar uno de los d\u00edas que mayor venta se registra en la semana<\/strong>. M\u00e1s a\u00fan para estas fechas donde el\u00a0<strong>turismo\u00a0<\/strong>comienza a hacerse presente con mayor fuerza&#8221;, resaltaron desde la c\u00e1mara en un comunicado.<\/p>\n\n\n\n<p>\u201cLa Ciudad de Mendoza es un centro comercial a cielo abierto que funciona a pleno y cerrar significar\u00eda que todos los clientes decidan realizar sus compras en las&nbsp;<strong>grandes superficies comerciales<\/strong>. Esto impacta de forma directa en nuestros comerciantes. Es por estas razones que la gran mayor\u00eda decide abrir sus puertas ese d\u00eda\u201d, agregaron en el mensaje que difundieron este mi\u00e9rcoles.<\/p>\n\n\n\n<h2 class=\"wp-block-heading\">El 25 de mayo es un feriado inamovible<\/h2>\n\n\n\n<p>Seg\u00fan el&nbsp;<strong>calendario del gobierno nacional<\/strong>, el pr\u00f3ximo&nbsp;<strong>feriado<\/strong>&nbsp;en Argentina es el s\u00e1bado&nbsp;<strong>25 de mayo<\/strong>, jornada en la que se conmemora el &#8220;D\u00eda de la Revoluci\u00f3n de Mayo&#8221;.<\/p>\n\n\n\n<p>En su sitio oficial (www.argentina.gob.ar\/interior\/feriados-nacionales-2024), el Gobierno explica que el\u00a0<strong>feriado<\/strong>\u00a0del\u00a0<strong>25 de mayo no se cambia de d\u00eda.<\/strong><\/p>\n\n\n\n<p>&#8220;Los feriados nacionales cuyas fechas coincidan con los d\u00edas martes y mi\u00e9rcoles ser\u00e1n trasladados al d\u00eda lunes anterior. Los que coincidan con los d\u00edas jueves y viernes ser\u00e1n trasladados al d\u00eda lunes siguiente. Art. 6 de la Ley 27.399&#8221;, remarca en su web el Gobierno.<\/p>\n\n\n\n<h2 class=\"wp-block-heading\">Calendario 2024 en Argentina: feriados inamovibles<\/h2>\n\n\n\n<ul>\n<li>1 de enero: A\u00f1o Nuevo<\/li>\n\n\n\n<li>12 y 13 de febrero: Carnaval<\/li>\n\n\n\n<li>24 de marzo: D\u00eda Nacional de la Memoria por la Verdad y la Justicia<\/li>\n\n\n\n<li>29 de marzo: Viernes Santo<\/li>\n\n\n\n<li>2 de abril: D\u00eda del Veterano y de los Ca\u00eddos en la Guerra de Malvinas<\/li>\n\n\n\n<li>1 de mayo: D\u00eda del Trabajo<\/li>\n\n\n\n<li>25 de mayo: D\u00eda de la Revoluci\u00f3n de Mayo<\/li>\n\n\n\n<li>20 de junio: Paso a la Inmortalidad del General Don Manuel Belgrano<\/li>\n\n\n\n<li>9 de julio: D\u00eda de la Independencia<\/li>\n\n\n\n<li>8 de diciembre: D\u00eda de la Inmaculada Concepci\u00f3n de Mar\u00eda<\/li>\n\n\n\n<li>25 de diciembre: Navidad<\/li>\n<\/ul>\n\n\n\n<h2 class=\"wp-block-heading\">Calendario 2024 en Argentina: feriados trasladables<\/h2>\n\n\n\n<ul>\n<li>17 de junio: Paso a la Inmortalidad del General Don Mart\u00edn Miguel de G\u00fcemes<\/li>\n\n\n\n<li>17 de agosto: Paso a la Inmortalidad del General Don Jos\u00e9 de San Mart\u00edn<\/li>\n\n\n\n<li>12 de octubre: D\u00eda del Respeto a la Diversidad Cultural<\/li>\n\n\n\n<li>20 de noviembre: D\u00eda de la Soberan\u00eda Nacional<\/li>\n<\/ul>\n\n\n\n<h2 class=\"wp-block-heading\">Los fines de semana largos de 2024 en Argentina<\/h2>\n\n\n\n<ul>\n<li>Desde el 30 de diciembre de 2023 al 1 de enero de 2024: fin de semana largo de 3 d\u00edas.<\/li>\n\n\n\n<li>Desde el 10 de febrero al 13 de febrero: fin de semana largo de 4 d\u00edas.<\/li>\n\n\n\n<li>Desde el 29 de marzo al 2 de abril : fin de semana largo de 5 d\u00edas.<\/li>\n\n\n\n<li>Desde el 15 de junio al 17 de junio: fin de semana largo de 3 d\u00edas.<\/li>\n\n\n\n<li>Desde el 20 de junio al 23 de junio: fin de semana largo de 4 d\u00edas.<\/li>\n\n\n\n<li>Desde el 11 de octubre al 13 de octubre: fin de semana largo de 3 d\u00edas.<\/li>\n\n\n\n<li>Desde el 16 de noviembre al 18 de noviembre: fin de semana largo de 3 d\u00edas.<\/li>\n<\/ul>\n\n\n\n<p><strong>Fuente: www.diariouno.com.ar<\/strong><\/p>\n","protected":false},"excerpt":{"rendered":"<p>La\u00a0C\u00e1mara\u00a0Empresaria,\u00a0Comercio, Industria, Turismo y Servicios (Cecitys) de\u00a0Ciudad\u00a0realiz\u00f3 una\u00a0encuesta\u00a0a los principales comercios del centro y el\u00a033%\u00a0de los vendedores inform\u00f3 que\u00a0abrir\u00e1\u00a0de manera\u00a0normal\u00a0y el\u00a037%\u00a0solamente\u00a0medio d\u00eda\u00a0este s\u00e1bado\u00a025 de mayo, feriado nacional por la celebraci\u00f3n del D\u00eda de la Patria. De esta forma, se desprende del informe que realizaron que el 70% abrir\u00e1 al menos durante la ma\u00f1ana. El restante&nbsp;30%&nbsp;de [&hellip;]<\/p>\n","protected":false},"author":2,"featured_media":7727,"comment_status":"open","ping_status":"open","sticky":false,"template":"","format":"standard","meta":[],"categories":[112],"tags":[],"_links":{"self":[{"href":"https:\/\/pasaenmendoza.com\/index.php?rest_route=\/wp\/v2\/posts\/7726"}],"collection":[{"href":"https:\/\/pasaenmendoza.com\/index.php?rest_route=\/wp\/v2\/posts"}],"about":[{"href":"https:\/\/pasaenmendoza.com\/index.php?rest_route=\/wp\/v2\/types\/post"}],"author":[{"embeddable":true,"href":"https:\/\/pasaenmendoza.com\/index.php?rest_route=\/wp\/v2\/users\/2"}],"replies":[{"embeddable":true,"href":"https:\/\/pasaenmendoza.com\/index.php?rest_route=%2Fwp%2Fv2%2Fcomments&post=7726"}],"version-history":[{"count":1,"href":"https:\/\/pasaenmendoza.com\/index.php?rest_route=\/wp\/v2\/posts\/7726\/revisions"}],"predecessor-version":[{"id":7728,"href":"https:\/\/pasaenmendoza.com\/index.php?rest_route=\/wp\/v2\/posts\/7726\/revisions\/7728"}],"wp:featuredmedia":[{"embeddable":true,"href":"https:\/\/pasaenmendoza.com\/index.php?rest_route=\/wp\/v2\/media\/7727"}],"wp:attachment":[{"href":"https:\/\/pasaenmendoza.com\/index.php?rest_route=%2Fwp%2Fv2%2Fmedia&parent=7726"}],"wp:term":[{"taxonomy":"category","embeddable":true,"href":"https:\/\/pasaenmendoza.com\/index.php?rest_route=%2Fwp%2Fv2%2Fcategories&post=7726"},{"taxonomy":"post_tag","embeddable":true,"href":"https:\/\/pasaenmendoza.com\/index.php?rest_route=%2Fwp%2Fv2%2Ftags&post=7726"}],"curies":[{"name":"wp","href":"https:\/\/api.w.org\/{rel}","templated":true}]}}