{"id":7732,"date":"2024-05-22T23:44:00","date_gmt":"2024-05-22T21:44:00","guid":{"rendered":"https:\/\/pasaenmendoza.com\/?p=7732"},"modified":"2024-05-22T23:44:02","modified_gmt":"2024-05-22T21:44:02","slug":"la-pelicula-argentina-que-fue-grabada-en-mendoza-y-gano-un-premio-en-cannes","status":"publish","type":"post","link":"https:\/\/pasaenmendoza.com\/?p=7732","title":{"rendered":"La pel\u00edcula argentina que fue grabada en Mendoza y gan\u00f3 un premio en Cannes"},"content":{"rendered":"\n<p>La pel\u00edcula argentina&nbsp;<strong>\u201cSim\u00f3n de la monta\u00f1a\u201d<\/strong>, dirigida por&nbsp;<strong>Federico Luis<\/strong>&nbsp;y protagonizada por&nbsp;<strong>Lorenzo Ferro<\/strong>,&nbsp;<mark>se adjudic\u00f3 este martes el Gran Premio de la Semana de la Cr\u00edtica de Cannes<\/mark>. La producci\u00f3n del aclamado film se realiz\u00f3 en Mendoza y se utilizaron locaciones de la&nbsp;<strong>Ciudad<\/strong>&nbsp;y&nbsp;<strong>Luj\u00e1n de Cuyo.<\/strong><\/p>\n\n\n\n<p>Dentro de la producci\u00f3n se destaca la actuaci\u00f3n de&nbsp;<strong>Lorenzo Ferro&nbsp;<\/strong>quien, en su personaje de Sim\u00f3n, intenta unirse a una comunidad de discapacitados para escapar de su mam\u00e1 con quien ya no quiere vivir. La pel\u00edcula cuenta una trama segura y precisa acerca de una comunidad que busca entender la perspectiva de la capacidad humana.<\/p>\n\n\n\n<p>La&nbsp;obra cinematogr\u00e1fica&nbsp;fue filmada \u00edntegramente en&nbsp;<strong>Mendoza<\/strong>, con el apoyo del programa de&nbsp;cash rebate&nbsp;de la provincia y utiliz\u00f3 locaciones de la&nbsp;<strong>Ciudad de Mendoza&nbsp;y Luj\u00e1n de Cuyo<\/strong>. Adem\u00e1s, fue coproducida por 20\/20 Films, Desierto Films y Frontera Films, productora local mendocina.<\/p>\n\n\n\n<p>\u201cSim\u00f3n de la monta\u00f1a\u201d fue la \u00fanica producci\u00f3n nacional en formar parte de la competencia oficial y result\u00f3&nbsp;<strong>ovacionada por los cr\u00edticos en Cannes<\/strong>, posicion\u00e1ndola de manera formidable dentro de la industria del cine.<\/p>\n\n\n\n<p>\u201c<em>Solo voy a decir una cosa y es que en este momento necesitamos el apoyo de todo el mundo para mantener vivo el fuego del cine argentino<\/em>\u201c, manifest\u00f3 Ferro al recoger el premio, en la misma l\u00ednea que Luis, quien dese\u00f3 que este \u201c<em>reconocimiento tenga un valor pol\u00edtico<\/em>\u201c.<\/p>\n\n\n\n<p><strong>Fuente: www.elsol.com.ar<\/strong><\/p>\n","protected":false},"excerpt":{"rendered":"<p>La pel\u00edcula argentina&nbsp;\u201cSim\u00f3n de la monta\u00f1a\u201d, dirigida por&nbsp;Federico Luis&nbsp;y protagonizada por&nbsp;Lorenzo Ferro,&nbsp;se adjudic\u00f3 este martes el Gran Premio de la Semana de la Cr\u00edtica de Cannes. La producci\u00f3n del aclamado film se realiz\u00f3 en Mendoza y se utilizaron locaciones de la&nbsp;Ciudad&nbsp;y&nbsp;Luj\u00e1n de Cuyo. Dentro de la producci\u00f3n se destaca la actuaci\u00f3n de&nbsp;Lorenzo Ferro&nbsp;quien, en su [&hellip;]<\/p>\n","protected":false},"author":2,"featured_media":7733,"comment_status":"open","ping_status":"open","sticky":false,"template":"","format":"standard","meta":[],"categories":[50],"tags":[],"_links":{"self":[{"href":"https:\/\/pasaenmendoza.com\/index.php?rest_route=\/wp\/v2\/posts\/7732"}],"collection":[{"href":"https:\/\/pasaenmendoza.com\/index.php?rest_route=\/wp\/v2\/posts"}],"about":[{"href":"https:\/\/pasaenmendoza.com\/index.php?rest_route=\/wp\/v2\/types\/post"}],"author":[{"embeddable":true,"href":"https:\/\/pasaenmendoza.com\/index.php?rest_route=\/wp\/v2\/users\/2"}],"replies":[{"embeddable":true,"href":"https:\/\/pasaenmendoza.com\/index.php?rest_route=%2Fwp%2Fv2%2Fcomments&post=7732"}],"version-history":[{"count":1,"href":"https:\/\/pasaenmendoza.com\/index.php?rest_route=\/wp\/v2\/posts\/7732\/revisions"}],"predecessor-version":[{"id":7734,"href":"https:\/\/pasaenmendoza.com\/index.php?rest_route=\/wp\/v2\/posts\/7732\/revisions\/7734"}],"wp:featuredmedia":[{"embeddable":true,"href":"https:\/\/pasaenmendoza.com\/index.php?rest_route=\/wp\/v2\/media\/7733"}],"wp:attachment":[{"href":"https:\/\/pasaenmendoza.com\/index.php?rest_route=%2Fwp%2Fv2%2Fmedia&parent=7732"}],"wp:term":[{"taxonomy":"category","embeddable":true,"href":"https:\/\/pasaenmendoza.com\/index.php?rest_route=%2Fwp%2Fv2%2Fcategories&post=7732"},{"taxonomy":"post_tag","embeddable":true,"href":"https:\/\/pasaenmendoza.com\/index.php?rest_route=%2Fwp%2Fv2%2Ftags&post=7732"}],"curies":[{"name":"wp","href":"https:\/\/api.w.org\/{rel}","templated":true}]}}