{"id":7735,"date":"2024-05-22T23:48:50","date_gmt":"2024-05-22T21:48:50","guid":{"rendered":"https:\/\/pasaenmendoza.com\/?p=7735"},"modified":"2024-05-22T23:48:51","modified_gmt":"2024-05-22T21:48:51","slug":"por-la-crisis-cada-vez-menos-mendocinos-van-al-medico-y-crece-la-automedicacion","status":"publish","type":"post","link":"https:\/\/pasaenmendoza.com\/?p=7735","title":{"rendered":"Por la crisis, cada vez menos mendocinos van al m\u00e9dico y crece la automedicaci\u00f3n"},"content":{"rendered":"\n<p>Seg\u00fan los \u00faltimos datos proporcionados por el<strong>&nbsp;Indec<\/strong>, el rubro salud registr\u00f3 en Cuyo una variaci\u00f3n de&nbsp;<strong>354%&nbsp;<\/strong>en abril, en relaci\u00f3n al mismo mes de 2023. En tanto, los datos de la&nbsp;<strong>Confederaci\u00f3n Argentina de la Mediana Empresa<\/strong>&nbsp;(CAME) se\u00f1alan&nbsp;<mark>en farmacias una<\/mark>&nbsp;<mark>ca\u00edda interanual superior al 31%.<\/mark><\/p>\n\n\n\n<p>Frente a un panorama que alerta sobre&nbsp;<strong>enfermos que dejan de tratar sus dolencias,<\/strong>&nbsp;un informe del Sindicato Argentino de Farmac\u00e9uticos y Bioqu\u00edmicos (SAFYB), indica que la venta de&nbsp;<strong>medicamentos de prescripci\u00f3n sin receta<\/strong>&nbsp;se desplom\u00f3 un<strong>&nbsp;35%&nbsp;<\/strong>en Argentina, mientras que los&nbsp;<strong>recetados<\/strong>&nbsp;sufrieron una baja del<strong>&nbsp;20%<\/strong>.<\/p>\n\n\n\n<p>En medio de este contexto, especialistas no solo exponen su preocupaci\u00f3n frente a la interrupci\u00f3n de tratamientos, sino tambi\u00e9n por el<mark>\u00a0incremento del autodiagn\u00f3stico y la automedicaci\u00f3n.<\/mark><\/p>\n\n\n\n<p>\u201c<em>La gente no va al m\u00e9dico por un tema econ\u00f3mico. Hay una disminuci\u00f3n en la cantidad de consultas. Estas pueden ser onerosas para el paciente y por esto,\u00a0<strong>notamos una tendencia al autodiagn\u00f3stico y la autoprescripci\u00f3n<\/strong><\/em>\u201c, asegur\u00f3<strong>\u00a0Carlos Zanessi<\/strong>\u00a0(Mat. 4883), m\u00e9dico cl\u00ednico.<\/p>\n\n\n\n<p>En sinton\u00eda con esto, desde el<strong>&nbsp;Colegio Farmac\u00e9utico de Mendoza<\/strong>&nbsp;(Cofam) explicaron que en el \u00faltimo tiempo muchas personas llegan a las farmacias solicitando asistencia, ya que no tienen plata para pagar una consulta m\u00e9dica.<\/p>\n\n\n\n<p>\u201c<em>Cada vez hay m\u00e1s gente sin seguridad social y se acercan a las farmacias a preguntar porque no van al m\u00e9dico. Hoy los farmac\u00e9uticos arman una especie de historia cl\u00ednica, en donde le hacen varias preguntas a la persona para poder asesorarla.\u00a0<mark>En tiempos de crisis, la automedicaci\u00f3n crece<\/mark><\/em>\u201c, afirm\u00f3\u00a0<strong>Mario Valestra<\/strong>, titular del Cofam.<\/p>\n\n\n\n<h2 class=\"wp-block-heading\" id=\"h-tratamientos-en-pausa\">Tratamientos en pausa<\/h2>\n\n\n\n<p>Analizando los datos provistos por SAFYB, antes de diciembre el gasto en f\u00e1rmacos representaba el 20% del ingreso de los trabajadores activos y el 40% de los pasivos. En la actualidad,&nbsp;<mark>el porcentaje subi\u00f3 a 28% y 50%, respectivamente.<\/mark><\/p>\n\n\n\n<p>Adem\u00e1s, hay entre un\u00a0<strong>18% y 20% de recetas ca\u00eddas<\/strong>; situaci\u00f3n que se da cuando el paciente llega a la farmacia y se da cuenta de que\u00a0no puede pagar el medicamento.<\/p>\n\n\n\n<p>Zanessi, quien tambi\u00e9n es jefe de Servicio de Medicina Interna del Hospital Central, reconoci\u00f3 que la interrupci\u00f3n en tratamientos no solo se ve en el sector privado, sino tambi\u00e9n en la parte p\u00fablica.<\/p>\n\n\n\n<p>\u201c<em>Es algo frecuente la detenci\u00f3n de tratamientos, hasta en el sector p\u00fablico. En ocasiones, el paciente hace el esfuerzo, paga la consulta o el coseguro, pero despu\u00e9s no puede efectivizar el tratamiento porque no puede comprar el medicamento<\/em>\u201c, afirm\u00f3.<\/p>\n\n\n\n<p>Y sum\u00f3:<em>\u201d&nbsp;<mark>El aumento de los costos de los medicamentos ha sido exponencial<\/mark>, mucho m\u00e1s alto que el de las obras sociales\u201d.<\/em><\/p>\n\n\n\n<p>Tratamientos con\u00a0<strong>psicof\u00e1rmacos o con antihipertensivos<\/strong>, son los que actualmente sufren las mayores interrupciones, seg\u00fan aclar\u00f3 el especialista.<\/p>\n\n\n\n<h2 class=\"wp-block-heading\" id=\"h-los-riesgos-de-automedicarse\">Los riesgos de automedicarse<\/h2>\n\n\n\n<p>Durante abril, la Administraci\u00f3n Nacional de Medicamentos, Alimentos y Tecnolog\u00eda M\u00e9dica<strong>&nbsp;(ANMAT)<\/strong>, inform\u00f3 que al menos 22 medicamentos de expendio bajo receta ser\u00edan evaluados para adquirirse sin prescripci\u00f3n.<\/p>\n\n\n\n<p>Se trata de f\u00e1rmacos como&nbsp;<strong>complejos vitam\u00ednicos<\/strong>, para tratamiento del&nbsp;<strong>herpes<\/strong>, cremas<strong>&nbsp;antial\u00e9rgicas<\/strong>, productos con&nbsp;<strong>corticoides<\/strong>,&nbsp;<strong>analg\u00e9sicos, antif\u00fangicos, laxantes y suplementos dietarios.<\/strong><\/p>\n\n\n\n<p>De hecho, d\u00edas atr\u00e1s, se autoriz\u00f3 la venta libre de cuatro de ellos: Omeprazol, Lansoprazol, Pantoprazol y Esomeprazol.<\/p>\n\n\n\n<p>Tras el anuncio, desde el sector farmac\u00e9utico remarcaron que esto podr\u00eda significar un&nbsp;<strong>riesgo<\/strong>&nbsp;si la persona no cuenta con la informaci\u00f3n correspondiente sobre su administraci\u00f3n.<\/p>\n\n\n\n<p>\u201cLa automedicaci\u00f3n crece porque no hay acceso a la medicina. Hay mucha propaganda y mucho consejo amigo sobre qu\u00e9 remedio tomar.<mark>\u00a0Los medicamentos son seguros si se toman de la manera adecuada, pero falta informaci\u00f3n en cuanto a sus riesgos<\/mark>\u201c, dijo<strong> Romina Takesya<\/strong>, farmac\u00e9utica y divulgadora.<\/p>\n\n\n\n<p>La mujer, quien en sus\u00a0redes sociales\u00a0brinda consejos farmac\u00e9uticos sobre el buen uso de los medicamentos, se\u00f1al\u00f3 las complicaciones que puede implicar la automedicaci\u00f3n.<\/p>\n\n\n\n<p>\u201c<em>Hay que hacer un uso responsable de los medicamentos de venta libre, con dosis m\u00ednimas y sin hacer un tratamiento cr\u00f3nico. Si no se toman de manera adecuada,\u00a0<strong>se pueden ocultar s\u00edntomas o estos pueden interaccionar con otros medicamentos que el paciente est\u00e9 tomando<\/strong>, generando riesgos que la persona desconoce. Es importante que el paciente pueda ir a la farmacia y contar con la intervenci\u00f3n del farmac\u00e9utico<\/em>\u201c, cerr\u00f3.<\/p>\n\n\n\n<p><strong>Fuente: www.elsol.com.ar<\/strong><\/p>\n","protected":false},"excerpt":{"rendered":"<p>Seg\u00fan los \u00faltimos datos proporcionados por el&nbsp;Indec, el rubro salud registr\u00f3 en Cuyo una variaci\u00f3n de&nbsp;354%&nbsp;en abril, en relaci\u00f3n al mismo mes de 2023. En tanto, los datos de la&nbsp;Confederaci\u00f3n Argentina de la Mediana Empresa&nbsp;(CAME) se\u00f1alan&nbsp;en farmacias una&nbsp;ca\u00edda interanual superior al 31%. Frente a un panorama que alerta sobre&nbsp;enfermos que dejan de tratar sus dolencias,&nbsp;un [&hellip;]<\/p>\n","protected":false},"author":2,"featured_media":7736,"comment_status":"open","ping_status":"open","sticky":false,"template":"","format":"standard","meta":[],"categories":[58],"tags":[],"_links":{"self":[{"href":"https:\/\/pasaenmendoza.com\/index.php?rest_route=\/wp\/v2\/posts\/7735"}],"collection":[{"href":"https:\/\/pasaenmendoza.com\/index.php?rest_route=\/wp\/v2\/posts"}],"about":[{"href":"https:\/\/pasaenmendoza.com\/index.php?rest_route=\/wp\/v2\/types\/post"}],"author":[{"embeddable":true,"href":"https:\/\/pasaenmendoza.com\/index.php?rest_route=\/wp\/v2\/users\/2"}],"replies":[{"embeddable":true,"href":"https:\/\/pasaenmendoza.com\/index.php?rest_route=%2Fwp%2Fv2%2Fcomments&post=7735"}],"version-history":[{"count":1,"href":"https:\/\/pasaenmendoza.com\/index.php?rest_route=\/wp\/v2\/posts\/7735\/revisions"}],"predecessor-version":[{"id":7737,"href":"https:\/\/pasaenmendoza.com\/index.php?rest_route=\/wp\/v2\/posts\/7735\/revisions\/7737"}],"wp:featuredmedia":[{"embeddable":true,"href":"https:\/\/pasaenmendoza.com\/index.php?rest_route=\/wp\/v2\/media\/7736"}],"wp:attachment":[{"href":"https:\/\/pasaenmendoza.com\/index.php?rest_route=%2Fwp%2Fv2%2Fmedia&parent=7735"}],"wp:term":[{"taxonomy":"category","embeddable":true,"href":"https:\/\/pasaenmendoza.com\/index.php?rest_route=%2Fwp%2Fv2%2Fcategories&post=7735"},{"taxonomy":"post_tag","embeddable":true,"href":"https:\/\/pasaenmendoza.com\/index.php?rest_route=%2Fwp%2Fv2%2Ftags&post=7735"}],"curies":[{"name":"wp","href":"https:\/\/api.w.org\/{rel}","templated":true}]}}