{"id":7739,"date":"2024-05-23T14:01:31","date_gmt":"2024-05-23T12:01:31","guid":{"rendered":"https:\/\/pasaenmendoza.com\/?p=7739"},"modified":"2024-05-23T14:01:32","modified_gmt":"2024-05-23T12:01:32","slug":"la-motosierra-de-hebe-casado-y-los-nombramientos-en-el-senado","status":"publish","type":"post","link":"https:\/\/pasaenmendoza.com\/?p=7739","title":{"rendered":"La motosierra de Hebe Casado y los nombramientos en el Senado"},"content":{"rendered":"\n<p>La vicegobernadora achic\u00f3 el organigrama de la Legislatura cuando asumi\u00f3. Denuncias de dirigentes del FIT y la respuesta oficial.<\/p>\n\n\n\n<p><strong>Hebe Casado<\/strong>\u00a0prometi\u00f3 pasar la motosierra al estilo de Javier Milei por el Senado. En cuanto asumi\u00f3 decidi\u00f3 hacer recortes en gastos generales -hasta de caf\u00e9- y anunci\u00f3 una reorganizaci\u00f3n del organigrama para achicar el presupuesto de la\u00a0<strong>Legislatura<\/strong>.<\/p>\n\n\n\n<p>&#8220;Lo que hemos hecho es revisar la planta de personal, acordar con los diferentes bloques, hacer un\u00a0<strong>ajuste\u00a0<\/strong>en la cantidad de personas que estaban con contratos temporarios, y en eso se ha recortado el 50% de los mismos\u201d, explic\u00f3\u00a0<strong>Hebe Casado<\/strong>\u00a0al inicio de su gesti\u00f3n.\u00a0<\/p>\n\n\n\n<p>\u201cHa sido algo acordado con los bloques, los sindicatos y creo que tiene que ver tambi\u00e9n con lo que nos pide la ciudadan\u00eda y lo que nos ha pedido en las \u00faltimas elecciones. Queremos seguir en este plan de austeridad que Mendoza ya lo viene haciendo desde hace ocho a\u00f1os y que a nivel nacional ahora est\u00e1 de moda\u201d, agreg\u00f3 en ese momento.<\/p>\n\n\n\n<p>Sin embargo, una denuncia de la oposici\u00f3n en las redes sociales puso en duda las decisiones de<strong>\u00a0Hebe Casado<\/strong>. \u201cLa Legislatura de Mendoza colapsa de hipocres\u00eda. La vicegobernadora nombr\u00f3 7 cargos pol\u00edticos m\u00e1s, con sueldos de casi 2 millones. Uno como secretario de prensa para divulgar sus peleas en el PRO y sus tuits a favor de la violencia en el f\u00fatbol, por un sueldo de $1.989.151\u201d, escribi\u00f3 en su cuenta oficial el exsenador\u00a0del FIT, Lautaro Jim\u00e9nez.\u00a0<\/p>\n\n\n\n<p>Desde la\u00a0<strong>Legislatura\u00a0<\/strong>fueron taxativos en no entrar en la discusi\u00f3n y no dar respuesta a un tema que \u201cno tiene sentido\u201d y tiene \u201cdatos incorrectos\u201d.\u00a0 Seg\u00fan se\u00f1alaron\u00a0desde la casa de las leyes, ning\u00fan funcionario gana m\u00e1s que un legislador.<\/p>\n\n\n\n<p>Adem\u00e1s, resaltaron que la resoluci\u00f3n firmada por&nbsp;<strong>Hebe Casado<\/strong>&nbsp;tiene fecha de enero y que cada vicegobernador nombra a personas de su confianza en los puestos pol\u00edticos y que esos lugares quedan vac\u00edos cuando se termina la gesti\u00f3n.&nbsp;<\/p>\n\n\n\n<figure class=\"wp-block-image\"><img decoding=\"async\" src=\"https:\/\/www.mdzol.com\/u\/fotografias\/m\/2024\/1\/3\/f768x400-1531455_1575358_475.jpg\" alt=\"\"\/><figcaption class=\"wp-element-caption\">El organigrama de Hebe Casado.<\/figcaption><\/figure>\n\n\n\n<p><strong>Hebe Casado\u00a0<\/strong>design\u00f3 tres secretar\u00edas imprescindibles: Legislativa, Administrativa, y Legal y T\u00e9cnica. Solamente sum\u00f3 la Direcci\u00f3n de despacho donde se fusionaron protocolo y prensa. Ambas bajaron de direcciones a jefaturas. Y Arte y Cultura qued\u00f3 como un \u00e1rea dentro de Protocolo.\u00a0<\/p>\n\n\n\n<p>FUENTE: MDZonline.<\/p>\n\n\n\n<p><\/p>\n","protected":false},"excerpt":{"rendered":"<p>La vicegobernadora achic\u00f3 el organigrama de la Legislatura cuando asumi\u00f3. Denuncias de dirigentes del FIT y la respuesta oficial. Hebe Casado\u00a0prometi\u00f3 pasar la motosierra al estilo de Javier Milei por el Senado. En cuanto asumi\u00f3 decidi\u00f3 hacer recortes en gastos generales -hasta de caf\u00e9- y anunci\u00f3 una reorganizaci\u00f3n del organigrama para achicar el presupuesto de [&hellip;]<\/p>\n","protected":false},"author":2,"featured_media":7740,"comment_status":"open","ping_status":"open","sticky":true,"template":"","format":"standard","meta":[],"categories":[47],"tags":[],"_links":{"self":[{"href":"https:\/\/pasaenmendoza.com\/index.php?rest_route=\/wp\/v2\/posts\/7739"}],"collection":[{"href":"https:\/\/pasaenmendoza.com\/index.php?rest_route=\/wp\/v2\/posts"}],"about":[{"href":"https:\/\/pasaenmendoza.com\/index.php?rest_route=\/wp\/v2\/types\/post"}],"author":[{"embeddable":true,"href":"https:\/\/pasaenmendoza.com\/index.php?rest_route=\/wp\/v2\/users\/2"}],"replies":[{"embeddable":true,"href":"https:\/\/pasaenmendoza.com\/index.php?rest_route=%2Fwp%2Fv2%2Fcomments&post=7739"}],"version-history":[{"count":1,"href":"https:\/\/pasaenmendoza.com\/index.php?rest_route=\/wp\/v2\/posts\/7739\/revisions"}],"predecessor-version":[{"id":7741,"href":"https:\/\/pasaenmendoza.com\/index.php?rest_route=\/wp\/v2\/posts\/7739\/revisions\/7741"}],"wp:featuredmedia":[{"embeddable":true,"href":"https:\/\/pasaenmendoza.com\/index.php?rest_route=\/wp\/v2\/media\/7740"}],"wp:attachment":[{"href":"https:\/\/pasaenmendoza.com\/index.php?rest_route=%2Fwp%2Fv2%2Fmedia&parent=7739"}],"wp:term":[{"taxonomy":"category","embeddable":true,"href":"https:\/\/pasaenmendoza.com\/index.php?rest_route=%2Fwp%2Fv2%2Fcategories&post=7739"},{"taxonomy":"post_tag","embeddable":true,"href":"https:\/\/pasaenmendoza.com\/index.php?rest_route=%2Fwp%2Fv2%2Ftags&post=7739"}],"curies":[{"name":"wp","href":"https:\/\/api.w.org\/{rel}","templated":true}]}}