{"id":7742,"date":"2024-05-23T14:05:13","date_gmt":"2024-05-23T12:05:13","guid":{"rendered":"https:\/\/pasaenmendoza.com\/?p=7742"},"modified":"2024-05-23T14:05:15","modified_gmt":"2024-05-23T12:05:15","slug":"el-gobierno-provincial-invertira-3-400-millones-de-pesos-en-nuevos-moviles-policiales","status":"publish","type":"post","link":"https:\/\/pasaenmendoza.com\/?p=7742","title":{"rendered":"El Gobierno provincial invertir\u00e1 3.400 millones de pesos en nuevos m\u00f3viles policiales"},"content":{"rendered":"\n<p>Ser\u00e1n en total 116 las unidades destinadas para la polic\u00eda como para la funci\u00f3n penitenciaria.<\/p>\n\n\n\n<p>El&nbsp;<strong>Gobierno de Mendoza&nbsp;<\/strong>confirm\u00f3 que comprar\u00e1&nbsp;<strong>116 m\u00f3viles&nbsp;<\/strong>para la Polic\u00eda y el Servicio Penitenciario, con una inversi\u00f3n de m\u00e1s de&nbsp;<strong>3.400 millones de pesos<\/strong>, seg\u00fan explica el decreto 973 del Ministerio de Seguridad y Justicia publicado este jueves en el Bolet\u00edn Oficial.<\/p>\n\n\n\n<p>El detalle de las unidades a comprar es el siguiente:<\/p>\n\n\n\n<ul>\n<li>100 veh\u00edculos tipo Sedan cuatro puertas, equipados para la funci\u00f3n policial.<\/li>\n\n\n\n<li>10 veh\u00edculos de las mismas caracter\u00edsticas, sin equipamiento.<\/li>\n\n\n\n<li>6 furgones equipados para la funci\u00f3n penitenciaria.<\/li>\n<\/ul>\n\n\n\n<p>La adquisici\u00f3n se har\u00e1 a trav\u00e9s de una&nbsp;<strong>licitaci\u00f3n p\u00fablica<\/strong>&nbsp;en el sistema de compras de la provincia, aunque por el momento no se conocen detalles del pliego.<\/p>\n\n\n\n<p>La novedad se da un d\u00eda despu\u00e9s de que la cartera comandada por Mercedes Rus anunciara\u00a0una inversi\u00f3n cercana a los 430 millones en la compra de armas para las fuerzas de seguridad.<\/p>\n\n\n\n<p>En este caso, se trata de 500 pistolas 9 mm y 33 escopetas \u201clargas\u201d. Esta operaci\u00f3n est\u00e1 a cargo de la Direcci\u00f3n de Log\u00edstica del Ministerio de Seguridad.<\/p>\n\n\n\n<p>FUENTE: Elsol.com.ar <\/p>\n","protected":false},"excerpt":{"rendered":"<p>Ser\u00e1n en total 116 las unidades destinadas para la polic\u00eda como para la funci\u00f3n penitenciaria. El&nbsp;Gobierno de Mendoza&nbsp;confirm\u00f3 que comprar\u00e1&nbsp;116 m\u00f3viles&nbsp;para la Polic\u00eda y el Servicio Penitenciario, con una inversi\u00f3n de m\u00e1s de&nbsp;3.400 millones de pesos, seg\u00fan explica el decreto 973 del Ministerio de Seguridad y Justicia publicado este jueves en el Bolet\u00edn Oficial. El [&hellip;]<\/p>\n","protected":false},"author":2,"featured_media":7743,"comment_status":"open","ping_status":"open","sticky":true,"template":"","format":"standard","meta":[],"categories":[47],"tags":[],"_links":{"self":[{"href":"https:\/\/pasaenmendoza.com\/index.php?rest_route=\/wp\/v2\/posts\/7742"}],"collection":[{"href":"https:\/\/pasaenmendoza.com\/index.php?rest_route=\/wp\/v2\/posts"}],"about":[{"href":"https:\/\/pasaenmendoza.com\/index.php?rest_route=\/wp\/v2\/types\/post"}],"author":[{"embeddable":true,"href":"https:\/\/pasaenmendoza.com\/index.php?rest_route=\/wp\/v2\/users\/2"}],"replies":[{"embeddable":true,"href":"https:\/\/pasaenmendoza.com\/index.php?rest_route=%2Fwp%2Fv2%2Fcomments&post=7742"}],"version-history":[{"count":1,"href":"https:\/\/pasaenmendoza.com\/index.php?rest_route=\/wp\/v2\/posts\/7742\/revisions"}],"predecessor-version":[{"id":7744,"href":"https:\/\/pasaenmendoza.com\/index.php?rest_route=\/wp\/v2\/posts\/7742\/revisions\/7744"}],"wp:featuredmedia":[{"embeddable":true,"href":"https:\/\/pasaenmendoza.com\/index.php?rest_route=\/wp\/v2\/media\/7743"}],"wp:attachment":[{"href":"https:\/\/pasaenmendoza.com\/index.php?rest_route=%2Fwp%2Fv2%2Fmedia&parent=7742"}],"wp:term":[{"taxonomy":"category","embeddable":true,"href":"https:\/\/pasaenmendoza.com\/index.php?rest_route=%2Fwp%2Fv2%2Fcategories&post=7742"},{"taxonomy":"post_tag","embeddable":true,"href":"https:\/\/pasaenmendoza.com\/index.php?rest_route=%2Fwp%2Fv2%2Ftags&post=7742"}],"curies":[{"name":"wp","href":"https:\/\/api.w.org\/{rel}","templated":true}]}}