{"id":7745,"date":"2024-05-23T15:19:20","date_gmt":"2024-05-23T13:19:20","guid":{"rendered":"https:\/\/pasaenmendoza.com\/?p=7745"},"modified":"2024-05-23T15:19:21","modified_gmt":"2024-05-23T13:19:21","slug":"mendoza-ingreso-a-la-mesa-del-cobre","status":"publish","type":"post","link":"https:\/\/pasaenmendoza.com\/?p=7745","title":{"rendered":"Mendoza ingres\u00f3 a la Mesa del Cobre"},"content":{"rendered":"\n<p>Este mi\u00e9rcoles,\u00a0<strong>Mendoza<\/strong>\u00a0oficializ\u00f3 su ingreso a la\u00a0<strong>Mesa del Cobre\u00a0<\/strong>en el marco de la\u00a0<strong>Expo San Juan Minera 2024<\/strong>.\u00a0 La firma se realiz\u00f3 junto a los gobernadores de San Juan, Marcelo Orrego; de Salta, Gustavo S\u00e1enz; de Jujuy, Carlos Sadir, y de Catamarca, Ra\u00fal Jalil, as\u00ed como al secretario de Miner\u00eda de la Naci\u00f3n, Luis Lucero.<\/p>\n\n\n\n<p>Esta acci\u00f3n marc\u00f3 un paso fundamental para la creaci\u00f3n de un ente interprovincial destinado a impulsar la industria cupr\u00edfera, un metal crucial para la transici\u00f3n energ\u00e9tica.<\/p>\n\n\n\n<p><strong>\u00bfQu\u00e9 es la Mesa del Cobre?<\/strong><\/p>\n\n\n\n<p>La Mesa del Cobre es un espacio&nbsp;<strong>creado a semejanza de la Mesa del Litio<\/strong>, integrado por los gobernadores de Salta, Catamarca, San Juan y Mendoza. Esta iniciativa surgi\u00f3 en Bruselas, B\u00e9lgica, en el marco de una misi\u00f3n comercial a la Uni\u00f3n Europea.&nbsp;<\/p>\n\n\n\n<p>Argentina no produce cobre desde que la mina La Alumbrera cerr\u00f3 en 2018, pero posee una cartera de proyectos que podr\u00edan posicionarla entre los principales productores globales, atrayendo a inversores nacionales e internacionales.<\/p>\n\n\n\n<p><strong>Qu\u00e9 dijeron los funcionarios<\/strong><\/p>\n\n\n\n<p><strong>Alfredo Cornejo\u00a0<\/strong>destac\u00f3 la importancia de esta incorporaci\u00f3n. &#8220;Participar de la Mesa del Cobre para Mendoza es un gran avance&#8221;, afirm\u00f3 el gobernador. Mientras que a\u00f1adi\u00f3 que &#8220;con la coordinaci\u00f3n y el liderazgo del gobierno nacional se abre una oportunidad para explotar la miner\u00eda en Mendoza&#8221;.\u00a0<\/p>\n\n\n\n<p>En tanto que subray\u00f3 que &#8220;hoy hacer\u00a0<strong>miner\u00eda sustentable<\/strong>\u00a0es m\u00e1s viable que nunca, porque hacer miner\u00eda hoy es justamente cuidar el medio ambiente&#8221;.<\/p>\n\n\n\n<p><strong>El secretario de Miner\u00eda de la Naci\u00f3n, Luis Lucero<\/strong>, calific\u00f3 la constituci\u00f3n de la Mesa del Cobre como un &#8220;acontecimiento hist\u00f3rico&#8221;, resaltando la visi\u00f3n estrat\u00e9gica de los gobernadores que firmaron el acuerdo.\u00a0<\/p>\n\n\n\n<p>&#8220;El mundo se est\u00e1 acercando hacia Argentina para ver qu\u00e9 oportunidades de adquirir los productos que tenemos en materia de minerales cr\u00edticos&#8221;, coment\u00f3.<\/p>\n\n\n\n<p><strong>Ra\u00fal Jalil<\/strong>, gobernador de Catamarca, se\u00f1al\u00f3 la expectativa por nuevas leyes para estimular la inversi\u00f3n en el sector minero: &#8220;Tenemos una ley de inversi\u00f3n minera. Esto es un paso m\u00e1s para que muchas empresas inviertan&#8221;. Enfatiz\u00f3 la necesidad de desarrollar proveedores y capacitar a la poblaci\u00f3n para aprovechar el potencial econ\u00f3mico y energ\u00e9tico de la miner\u00eda.<\/p>\n\n\n\n<p><strong>Carlos Sadir<\/strong>, gobernador de Jujuy, subray\u00f3 la importancia de la miner\u00eda para el desarrollo econ\u00f3mico del pa\u00eds: &#8220;Argentina tiene que ocupar un lugar de privilegio en el mercado mundial de minerales&#8221;.\u00a0<\/p>\n\n\n\n<p><strong>Gustavo S\u00e1enz<\/strong>, gobernador de Salta, destac\u00f3 la importancia de la colaboraci\u00f3n interprovincial para aprovechar los recursos naturales, priorizando las necesidades de la gente por encima de intereses pol\u00edticos.<\/p>\n\n\n\n<p><strong>Marcelo Orrego<\/strong>, gobernador de San Juan, se\u00f1al\u00f3 que &#8220;la miner\u00eda tiene que ver con nuestra econom\u00eda, nuestra matriz productiva, el turismo y las econom\u00edas regionales&#8221;. A\u00f1adi\u00f3 que &#8220;la transici\u00f3n energ\u00e9tica es ahora. Para eso necesitamos minerales cr\u00edticos como el litio y el cobre&#8221;.<\/p>\n\n\n\n<p><strong>Mart\u00edn Llayora<\/strong>, gobernador de C\u00f3rdoba, destac\u00f3 la importancia del convenio para el desarrollo de Argentina: &#8220;La Argentina necesita de la miner\u00eda. Sin crecimiento, producci\u00f3n y trabajo, no hay pa\u00eds que se pueda desarrollar&#8221;.<\/p>\n\n\n\n<p>\u00a0 El ingreso de Mendoza a la Mesa del Cobre representa un avance significativo para la provincia en el marco del desarrollo minero. Se espera que este acuerdo fortalezca la industria cupr\u00edfera, promueva inversiones y contribuya a una miner\u00eda sustentable y responsable, alineada con las necesidades ambientales y econ\u00f3micas actuales.\u00a0\u00a0<\/p>\n\n\n\n<p>FUENTE: Mendozapost.<\/p>\n","protected":false},"excerpt":{"rendered":"<p>Este mi\u00e9rcoles,\u00a0Mendoza\u00a0oficializ\u00f3 su ingreso a la\u00a0Mesa del Cobre\u00a0en el marco de la\u00a0Expo San Juan Minera 2024.\u00a0 La firma se realiz\u00f3 junto a los gobernadores de San Juan, Marcelo Orrego; de Salta, Gustavo S\u00e1enz; de Jujuy, Carlos Sadir, y de Catamarca, Ra\u00fal Jalil, as\u00ed como al secretario de Miner\u00eda de la Naci\u00f3n, Luis Lucero. Esta acci\u00f3n [&hellip;]<\/p>\n","protected":false},"author":2,"featured_media":7752,"comment_status":"open","ping_status":"open","sticky":true,"template":"","format":"standard","meta":[],"categories":[47],"tags":[],"_links":{"self":[{"href":"https:\/\/pasaenmendoza.com\/index.php?rest_route=\/wp\/v2\/posts\/7745"}],"collection":[{"href":"https:\/\/pasaenmendoza.com\/index.php?rest_route=\/wp\/v2\/posts"}],"about":[{"href":"https:\/\/pasaenmendoza.com\/index.php?rest_route=\/wp\/v2\/types\/post"}],"author":[{"embeddable":true,"href":"https:\/\/pasaenmendoza.com\/index.php?rest_route=\/wp\/v2\/users\/2"}],"replies":[{"embeddable":true,"href":"https:\/\/pasaenmendoza.com\/index.php?rest_route=%2Fwp%2Fv2%2Fcomments&post=7745"}],"version-history":[{"count":1,"href":"https:\/\/pasaenmendoza.com\/index.php?rest_route=\/wp\/v2\/posts\/7745\/revisions"}],"predecessor-version":[{"id":7753,"href":"https:\/\/pasaenmendoza.com\/index.php?rest_route=\/wp\/v2\/posts\/7745\/revisions\/7753"}],"wp:featuredmedia":[{"embeddable":true,"href":"https:\/\/pasaenmendoza.com\/index.php?rest_route=\/wp\/v2\/media\/7752"}],"wp:attachment":[{"href":"https:\/\/pasaenmendoza.com\/index.php?rest_route=%2Fwp%2Fv2%2Fmedia&parent=7745"}],"wp:term":[{"taxonomy":"category","embeddable":true,"href":"https:\/\/pasaenmendoza.com\/index.php?rest_route=%2Fwp%2Fv2%2Fcategories&post=7745"},{"taxonomy":"post_tag","embeddable":true,"href":"https:\/\/pasaenmendoza.com\/index.php?rest_route=%2Fwp%2Fv2%2Ftags&post=7745"}],"curies":[{"name":"wp","href":"https:\/\/api.w.org\/{rel}","templated":true}]}}