{"id":7746,"date":"2024-05-23T15:10:46","date_gmt":"2024-05-23T13:10:46","guid":{"rendered":"https:\/\/pasaenmendoza.com\/?p=7746"},"modified":"2024-05-23T15:10:47","modified_gmt":"2024-05-23T13:10:47","slug":"ideal-para-el-locro-se-vienen-un-jueves-y-un-finde-a-puro-frio","status":"publish","type":"post","link":"https:\/\/pasaenmendoza.com\/?p=7746","title":{"rendered":"Ideal para el locro: se vienen un jueves y un finde a puro fr\u00edo"},"content":{"rendered":"\n<p>El pron\u00f3stico del tiempo para los pr\u00f3ximos d\u00edas en\u00a0<strong>el Gran Mendoza\u00a0<\/strong>depara varios d\u00edas de fr\u00edo intenso con<strong>\u00a0temperaturas por debajo de los 10\u00b0C\u00a0<\/strong>y m\u00ednimas rayando los 0\u00b0C.<\/p>\n\n\n\n<p>Desde la Direcci\u00f3n de Contingencias Clim\u00e1ticas condiciones que anticipan jornadas fr\u00edas y mayormente nubladas, acompa\u00f1adas de vientos y precipitaciones en diversas \u00e1reas.<\/p>\n\n\n\n<p><strong>Para este jueves 23 de mayo<\/strong>, el d\u00eda se presentar\u00e1 mayormente nublado y fr\u00edo, con vientos moderados del sector sur que traer\u00e1n un descenso en las temperaturas. Adem\u00e1s, se pronostican\u00a0<strong>precipitaciones aisladas y nevadas en la precordillera<\/strong>\u00a0y en algunos sectores del llano del centro y sur provincial. La temperatura\u00a0<strong>m\u00e1xima<\/strong>\u00a0alcanzar\u00e1 los\u00a0<strong>7\u00baC<\/strong>, mientras que la m\u00ednima ser\u00e1 de 3\u00baC.<\/p>\n\n\n\n<p><strong>El viernes 24 de mayo<\/strong>, el cielo estar\u00e1 parcialmente nublado y se mantendr\u00e1n las bajas temperaturas. Los vientos moderados soplar\u00e1n desde el noreste y se espera inestabilidad en la cordillera. Las temperaturas oscilar\u00e1n entre una\u00a0<strong>m\u00e1xima<\/strong>\u00a0de<strong>\u00a09\u00baC\u00a0<\/strong>y una m\u00ednima de 2\u00baC.<\/p>\n\n\n\n<p>El&nbsp;<strong>&nbsp;25 de mayo<\/strong>&nbsp;continuar\u00e1 mayormente nublado, aunque se prev\u00e9 un ligero ascenso de la temperatura. Se esperan nevadas en el llano del sur provincial y en la cordillera. La temperatura&nbsp;<strong>m\u00e1xima<\/strong>&nbsp;ser\u00e1 de&nbsp;<strong>8\u00baC&nbsp;<\/strong>y la m\u00ednima de 2\u00baC.<\/p>\n\n\n\n<p><strong>El domingo 26 de mayo,&nbsp;<\/strong>seguir\u00e1 mayormente nublado, con una subida adicional en la temperatura. Los vientos leves del este persistir\u00e1n y se pronostican precipitaciones aisladas. La temperatura&nbsp;<strong>m\u00e1xima<\/strong>&nbsp;alcanzar\u00e1 los&nbsp;<strong>12\u00baC<\/strong>&nbsp;y la m\u00ednima ser\u00e1 de 3\u00baC.<\/p>\n\n\n\n<p>Los mendocinos deber\u00e1n prepararse para un<strong>\u00a0fin de semana fr\u00edo y mayormente nublado, con condiciones clim\u00e1ticas que pueden afectar especialmente a las zonas de monta\u00f1a<\/strong>\u00a0y el sur provincial. El locro, comida t\u00edpica de estas fechas festivas nacionales, ser\u00e1 la estrella del fin de semana.<\/p>\n\n\n\n<p><strong>Fuente: www.mendozapost.com<\/strong><\/p>\n","protected":false},"excerpt":{"rendered":"<p>El pron\u00f3stico del tiempo para los pr\u00f3ximos d\u00edas en\u00a0el Gran Mendoza\u00a0depara varios d\u00edas de fr\u00edo intenso con\u00a0temperaturas por debajo de los 10\u00b0C\u00a0y m\u00ednimas rayando los 0\u00b0C. Desde la Direcci\u00f3n de Contingencias Clim\u00e1ticas condiciones que anticipan jornadas fr\u00edas y mayormente nubladas, acompa\u00f1adas de vientos y precipitaciones en diversas \u00e1reas. Para este jueves 23 de mayo, el [&hellip;]<\/p>\n","protected":false},"author":2,"featured_media":7747,"comment_status":"open","ping_status":"open","sticky":false,"template":"","format":"standard","meta":[],"categories":[52],"tags":[],"_links":{"self":[{"href":"https:\/\/pasaenmendoza.com\/index.php?rest_route=\/wp\/v2\/posts\/7746"}],"collection":[{"href":"https:\/\/pasaenmendoza.com\/index.php?rest_route=\/wp\/v2\/posts"}],"about":[{"href":"https:\/\/pasaenmendoza.com\/index.php?rest_route=\/wp\/v2\/types\/post"}],"author":[{"embeddable":true,"href":"https:\/\/pasaenmendoza.com\/index.php?rest_route=\/wp\/v2\/users\/2"}],"replies":[{"embeddable":true,"href":"https:\/\/pasaenmendoza.com\/index.php?rest_route=%2Fwp%2Fv2%2Fcomments&post=7746"}],"version-history":[{"count":1,"href":"https:\/\/pasaenmendoza.com\/index.php?rest_route=\/wp\/v2\/posts\/7746\/revisions"}],"predecessor-version":[{"id":7748,"href":"https:\/\/pasaenmendoza.com\/index.php?rest_route=\/wp\/v2\/posts\/7746\/revisions\/7748"}],"wp:featuredmedia":[{"embeddable":true,"href":"https:\/\/pasaenmendoza.com\/index.php?rest_route=\/wp\/v2\/media\/7747"}],"wp:attachment":[{"href":"https:\/\/pasaenmendoza.com\/index.php?rest_route=%2Fwp%2Fv2%2Fmedia&parent=7746"}],"wp:term":[{"taxonomy":"category","embeddable":true,"href":"https:\/\/pasaenmendoza.com\/index.php?rest_route=%2Fwp%2Fv2%2Fcategories&post=7746"},{"taxonomy":"post_tag","embeddable":true,"href":"https:\/\/pasaenmendoza.com\/index.php?rest_route=%2Fwp%2Fv2%2Ftags&post=7746"}],"curies":[{"name":"wp","href":"https:\/\/api.w.org\/{rel}","templated":true}]}}