{"id":7754,"date":"2024-05-23T15:32:53","date_gmt":"2024-05-23T13:32:53","guid":{"rendered":"https:\/\/pasaenmendoza.com\/?p=7754"},"modified":"2024-05-23T15:32:54","modified_gmt":"2024-05-23T13:32:54","slug":"el-gobierno-presento-los-avances-del-proyecto-de-mejora-del-camino-del-canon-del-atuel","status":"publish","type":"post","link":"https:\/\/pasaenmendoza.com\/?p=7754","title":{"rendered":"El Gobierno present\u00f3 los avances del proyecto de mejora del camino del Ca\u00f1\u00f3n del Atuel"},"content":{"rendered":"\n<p>En una reuni\u00f3n en\u00a0<strong>Casa de Gobierno<\/strong>\u00a0funcionarios detallaron los avances del proyecto de mejora del camino del\u00a0<strong>Ca\u00f1\u00f3n del Atuel<\/strong><\/p>\n\n\n\n<p>El ministro de\u00a0Gobierno, Infraestructura y Desarrollo Territorial,\u00a0<strong>Natalio Mema<\/strong>, present\u00f3 los\u00a0<strong>avances del proyecto de mejora<\/strong>\u00a0del camino del<strong>\u00a0Ca\u00f1\u00f3n del Atuel\u00a0<\/strong>en una reuni\u00f3n en la que participaron funcionarios, c\u00e1maras de turismo y la\u00a0<strong>Asociaci\u00f3n Tur\u00edstica Ca\u00f1\u00f3n del Atuel<\/strong>.<\/p>\n\n\n\n<p>&#8220;Hemos dado tres pasos muy importantes -explic\u00f3&nbsp;<strong>Francisco Mondotte<\/strong>, director general de Asuntos Gubernamentales- el primero es que el proyecto ejecutivo del Ca\u00f1\u00f3n del Atuel&nbsp;<strong>ingres\u00f3 al banco de proyectos de Mendoza<\/strong>. Tambi\u00e9n que se va a&nbsp;<strong>identificar&nbsp;<\/strong>en la plancha catastral el<strong>&nbsp;trayecto que tiene la traza de la ruta<\/strong>. Esto nos va a permitir declararlo de&nbsp;<strong>utilidad p\u00fablica&nbsp;<\/strong>para que ese camino sea una ruta provincial&#8221;.<\/p>\n\n\n\n<p>Y la tercera cuesti\u00f3n -continu\u00f3- tiene que ver con identificar las\u00a0<strong>obras prioritarias<\/strong>\u00a0a los efectos de mejorar la transitabilidad.<\/p>\n\n\n\n<p>En el mismo sentido, el funcionario se\u00f1al\u00f3 que este proyecto&nbsp;<strong>tiene que ir paso a paso<\/strong>&nbsp;para mejorar un camino que tiene ya m\u00e1s de 60 a\u00f1os.<\/p>\n\n\n\n<p>\u201cEl camino del Ca\u00f1\u00f3n del Atuel es el camino tur\u00edstico m\u00e1s importante del Sur de Mendoza. Hace cinco a\u00f1os, el gobernador&nbsp;<strong>Alfredo Cornejo<\/strong>&nbsp;se comprometi\u00f3 a&nbsp;<strong>desarrollar un proyecto ejecutivo<\/strong>&nbsp;y hemos&nbsp;<strong>convocado&nbsp;<\/strong>a las asociaciones vinculadas al turismo de San Rafael para iniciar un proceso de organizaci\u00f3n y administraci\u00f3n que identificar\u00e1 las obras prioritarias para mejorar la seguridad y las prestaciones para los visitantes\u201d, detall\u00f3.<\/p>\n\n\n\n<p>En tanto,<strong>\u00a0Victoria Contardo<\/strong>, presidenta de la C\u00e1mara de Turismo de San Rafael, se mostr\u00f3 satisfecha con el encuentro. \u201cFue una reuni\u00f3n muy positiva. Estamos muy\u00a0<strong>conformes\u00a0<\/strong>con estos avances que nos han mostrado. Ahora<strong>\u00a0trabajaremos puertas adentro<\/strong>\u00a0para ponernos de acuerdo con todos los actores involucrados en este proyecto\u201d, afirm\u00f3.<\/p>\n\n\n\n<p>En la reuni\u00f3n, que se llev\u00f3 a cabo en la Casa de Gobierno, participaron<strong>&nbsp;Marit\u00e9 Badui<\/strong>, subsecretaria de Infraestructura y Desarrollo Territorial,<strong>&nbsp;Mondotte<\/strong>,&nbsp;<strong>Osvaldo Romagnoli<\/strong>, administrador general de la DPV Mendoza, y&nbsp;<strong>Cynthia Maggioni<\/strong>, vicepresidenta del Emetur.<\/p>\n\n\n\n<p>Tambi\u00e9n estuvieron presentes los referentes de las&nbsp;<strong>C\u00e1maras de Turismo y de Comercio de San Rafael, de la Asociaci\u00f3n Empresaria Hotelero- Gastron\u00f3mica y Afines de Mendoza (AEHGA) y de la Asociaci\u00f3n Tur\u00edstica Ca\u00f1\u00f3n del Atuel<\/strong>.<\/p>\n\n\n\n<h2 class=\"wp-block-heading\">De qu\u00e9 se trata el proyecto de mejora del camino del Ca\u00f1\u00f3n del Atuel<\/h2>\n\n\n\n<p>El camino que une las localidades de Valle Grande con El Nihuil, en San Rafael, cuenta con 45 kil\u00f3metros y\u00a0<strong>m\u00e1s de 60 a\u00f1os<\/strong>. Se trata del\u00a0<strong>camino tur\u00edstico m\u00e1s importante del Sur de Mendoza<\/strong>. Pese a esto, est\u00e1 hecho de\u00a0<strong>suelo natural<\/strong>, lo que ha conllevado un reclamo hist\u00f3rico por su mejora.<\/p>\n\n\n\n<p>En 2018, Cornejo impuls\u00f3 el proyecto ejecutivo para concretar esta obra. Tras su presentaci\u00f3n, se avanz\u00f3 en tres sentidos:<\/p>\n\n\n\n<ul>\n<li>Incorporar el proyecto ejecutivo al&nbsp;<strong>Banco de Proyectos<\/strong>&nbsp;de la Provincia.<\/li>\n\n\n\n<li>Plasmar la traza del camino en la plancha catastral para&nbsp;<strong>resolver potenciales cuestiones dominiales y declararlo de utilidad p\u00fablica<\/strong>.<\/li>\n\n\n\n<li>Coordinar entre el Emetur, Ordenamiento Territorial y las asociaciones que representan a los prestadores tur\u00edsticos&nbsp;<strong>un protocolo de administraci\u00f3n del camino<\/strong>&nbsp;que establezca desde qu\u00e9 veh\u00edculos pueden transitar hasta horarios de circulaci\u00f3n.<\/li>\n<\/ul>\n\n\n\n<p>FUENTE: Diariouno.com.ar <\/p>\n","protected":false},"excerpt":{"rendered":"<p>En una reuni\u00f3n en\u00a0Casa de Gobierno\u00a0funcionarios detallaron los avances del proyecto de mejora del camino del\u00a0Ca\u00f1\u00f3n del Atuel El ministro de\u00a0Gobierno, Infraestructura y Desarrollo Territorial,\u00a0Natalio Mema, present\u00f3 los\u00a0avances del proyecto de mejora\u00a0del camino del\u00a0Ca\u00f1\u00f3n del Atuel\u00a0en una reuni\u00f3n en la que participaron funcionarios, c\u00e1maras de turismo y la\u00a0Asociaci\u00f3n Tur\u00edstica Ca\u00f1\u00f3n del Atuel. &#8220;Hemos dado tres [&hellip;]<\/p>\n","protected":false},"author":2,"featured_media":7761,"comment_status":"open","ping_status":"open","sticky":true,"template":"","format":"standard","meta":[],"categories":[47],"tags":[],"_links":{"self":[{"href":"https:\/\/pasaenmendoza.com\/index.php?rest_route=\/wp\/v2\/posts\/7754"}],"collection":[{"href":"https:\/\/pasaenmendoza.com\/index.php?rest_route=\/wp\/v2\/posts"}],"about":[{"href":"https:\/\/pasaenmendoza.com\/index.php?rest_route=\/wp\/v2\/types\/post"}],"author":[{"embeddable":true,"href":"https:\/\/pasaenmendoza.com\/index.php?rest_route=\/wp\/v2\/users\/2"}],"replies":[{"embeddable":true,"href":"https:\/\/pasaenmendoza.com\/index.php?rest_route=%2Fwp%2Fv2%2Fcomments&post=7754"}],"version-history":[{"count":1,"href":"https:\/\/pasaenmendoza.com\/index.php?rest_route=\/wp\/v2\/posts\/7754\/revisions"}],"predecessor-version":[{"id":7762,"href":"https:\/\/pasaenmendoza.com\/index.php?rest_route=\/wp\/v2\/posts\/7754\/revisions\/7762"}],"wp:featuredmedia":[{"embeddable":true,"href":"https:\/\/pasaenmendoza.com\/index.php?rest_route=\/wp\/v2\/media\/7761"}],"wp:attachment":[{"href":"https:\/\/pasaenmendoza.com\/index.php?rest_route=%2Fwp%2Fv2%2Fmedia&parent=7754"}],"wp:term":[{"taxonomy":"category","embeddable":true,"href":"https:\/\/pasaenmendoza.com\/index.php?rest_route=%2Fwp%2Fv2%2Fcategories&post=7754"},{"taxonomy":"post_tag","embeddable":true,"href":"https:\/\/pasaenmendoza.com\/index.php?rest_route=%2Fwp%2Fv2%2Ftags&post=7754"}],"curies":[{"name":"wp","href":"https:\/\/api.w.org\/{rel}","templated":true}]}}