{"id":7755,"date":"2024-05-23T15:23:26","date_gmt":"2024-05-23T13:23:26","guid":{"rendered":"https:\/\/pasaenmendoza.com\/?p=7755"},"modified":"2024-05-23T15:23:27","modified_gmt":"2024-05-23T13:23:27","slug":"manana-accidentada-con-choques-en-diferentes-puntos-del-gran-mendoza","status":"publish","type":"post","link":"https:\/\/pasaenmendoza.com\/?p=7755","title":{"rendered":"Ma\u00f1ana accidentada con choques en diferentes puntos del Gran Mendoza"},"content":{"rendered":"\n<p>Varios\u00a0<strong>accidentes de tr\u00e1nsito<\/strong>\u00a0se registraron desde primera hora de este jueves como consecuencia de las<strong>\u00a0lluvias y el asfalto mojado<\/strong>. La mayor\u00eda de ellos fueron choques en cadena que no dejaron personas lesionadas, pero s\u00ed\u00a0<strong>complicaron el tr\u00e1nsito en diferentes puntos del Gran Mendoza.<\/strong><\/p>\n\n\n\n<p>El primero del que se tuvo conocimiento ocurri\u00f3 minutos antes de las 7 de este jueves en\u00a0<strong>Acceso Este y Costanera, justo en el Nudo Vial en el ingreso a la Ciudad de Mendoza.<\/strong>\u00a0Un veh\u00edculo fren\u00f3 y el que ven\u00eda detr\u00e1s no lo hizo a tiempo y<strong>\u00a0no pudo evitar el impacto.<\/strong><\/p>\n\n\n\n<p>Como consecuencia, los dos autos quedaron en el&nbsp;<strong>carril izquierdo del Acceso Este, a metros de ingresar a la Capital,<\/strong>&nbsp;lo que provoc\u00f3 grandes&nbsp;<strong>demoras&nbsp;<\/strong>en esa hora pico. Personal de Tr\u00e1nsito de la Ciudad trabaj\u00f3 para regular la circulaci\u00f3n hasta que<strong>&nbsp;corrieron los autos.<\/strong><\/p>\n\n\n\n<p>Minutos m\u00e1s tarde se registr\u00f3\u00a0<strong>otro choque tambi\u00e9n en mano Oeste del Acceso Este<\/strong>, casi frente a la terminal de \u00f3mnibus y a unos 300 metros antes del primer accidente en el Nudo Vial. Al igual que el otro accidente, fue en el carril izquierdo e\u00a0<strong>intervinieron al menos tres veh\u00edculos<\/strong>.La calzada ya fue despejada.<\/p>\n\n\n\n<p>Por otro lado, tambi\u00e9n alrededor de las 7,&nbsp;<strong>tres veh\u00edculos chocaron en cadena en la mano Norte del Acceso Norte a metros de calle Pascual Segura, en Las Heras<\/strong>. Fue en el carril derecho y personal de la Guardia Urbana de la comuna trabaj\u00f3 para el despeje del acceso.<\/p>\n\n\n\n<p>Alrededor de las 9 se produjo otro accidente entre\u00a0<strong>un cami\u00f3n y un micro sobre calle Rioja en la esquina con calle Formosa, de Capital.<\/strong>\u00a0Al parecer, el cami\u00f3n impact\u00f3 al micro en su costado izquierdo. En el colectivo iban 8 pasajeros que no sufrieron heridas de gravedad, pero fueron asistidos.<\/p>\n\n\n\n<p><strong>Fuente: www.diariouno.com.ar<\/strong><\/p>\n","protected":false},"excerpt":{"rendered":"<p>Varios\u00a0accidentes de tr\u00e1nsito\u00a0se registraron desde primera hora de este jueves como consecuencia de las\u00a0lluvias y el asfalto mojado. La mayor\u00eda de ellos fueron choques en cadena que no dejaron personas lesionadas, pero s\u00ed\u00a0complicaron el tr\u00e1nsito en diferentes puntos del Gran Mendoza. El primero del que se tuvo conocimiento ocurri\u00f3 minutos antes de las 7 de [&hellip;]<\/p>\n","protected":false},"author":2,"featured_media":7756,"comment_status":"open","ping_status":"open","sticky":false,"template":"","format":"standard","meta":[],"categories":[48],"tags":[],"_links":{"self":[{"href":"https:\/\/pasaenmendoza.com\/index.php?rest_route=\/wp\/v2\/posts\/7755"}],"collection":[{"href":"https:\/\/pasaenmendoza.com\/index.php?rest_route=\/wp\/v2\/posts"}],"about":[{"href":"https:\/\/pasaenmendoza.com\/index.php?rest_route=\/wp\/v2\/types\/post"}],"author":[{"embeddable":true,"href":"https:\/\/pasaenmendoza.com\/index.php?rest_route=\/wp\/v2\/users\/2"}],"replies":[{"embeddable":true,"href":"https:\/\/pasaenmendoza.com\/index.php?rest_route=%2Fwp%2Fv2%2Fcomments&post=7755"}],"version-history":[{"count":1,"href":"https:\/\/pasaenmendoza.com\/index.php?rest_route=\/wp\/v2\/posts\/7755\/revisions"}],"predecessor-version":[{"id":7757,"href":"https:\/\/pasaenmendoza.com\/index.php?rest_route=\/wp\/v2\/posts\/7755\/revisions\/7757"}],"wp:featuredmedia":[{"embeddable":true,"href":"https:\/\/pasaenmendoza.com\/index.php?rest_route=\/wp\/v2\/media\/7756"}],"wp:attachment":[{"href":"https:\/\/pasaenmendoza.com\/index.php?rest_route=%2Fwp%2Fv2%2Fmedia&parent=7755"}],"wp:term":[{"taxonomy":"category","embeddable":true,"href":"https:\/\/pasaenmendoza.com\/index.php?rest_route=%2Fwp%2Fv2%2Fcategories&post=7755"},{"taxonomy":"post_tag","embeddable":true,"href":"https:\/\/pasaenmendoza.com\/index.php?rest_route=%2Fwp%2Fv2%2Ftags&post=7755"}],"curies":[{"name":"wp","href":"https:\/\/api.w.org\/{rel}","templated":true}]}}