{"id":7758,"date":"2024-05-23T15:27:09","date_gmt":"2024-05-23T13:27:09","guid":{"rendered":"https:\/\/pasaenmendoza.com\/?p=7758"},"modified":"2024-05-23T15:27:10","modified_gmt":"2024-05-23T13:27:10","slug":"accidente-en-godoy-cruz-un-obrero-cayo-desde-un-andamio-y-quedo-en-grave-estado","status":"publish","type":"post","link":"https:\/\/pasaenmendoza.com\/?p=7758","title":{"rendered":"Accidente en Godoy Cruz: un obrero cay\u00f3 desde un andamio y qued\u00f3 en grave estado"},"content":{"rendered":"\n<p>Un&nbsp;<strong>obrero&nbsp;<\/strong>qued\u00f3 en grave estado luego de sufrir un&nbsp;<strong>accidente&nbsp;<\/strong>la tarde de este mi\u00e9rcoles en<strong>&nbsp;Godoy Cruz<\/strong>. Se encontraba trabajando en una construcci\u00f3n y cay\u00f3 desde un&nbsp;<strong>andamio<\/strong>. Qued\u00f3 internado en el&nbsp;<strong>Hospital Central<\/strong>.<\/p>\n\n\n\n<p>El episodio se registr\u00f3 las 13.20 cuando un llamado a la&nbsp;<strong>l\u00ednea de emergencias 911<\/strong>&nbsp;alert\u00f3 sobre un trabajador lesionado en una obra que se estaba desarrollando en<strong>&nbsp;calles Perito Moreno y R\u00edo Plomo<\/strong>.<\/p>\n\n\n\n<p>Ante eso, polic\u00edas se desplazaron hasta el lugar y constataron que el obrero, de 35 a\u00f1os,\u00a0<mark>se encontraba sobre un andamio y, por motivos que se tratan establecer, sufri\u00f3 una ca\u00edda desde una altura de seis metros<\/mark>, detalla la informaci\u00f3n policial.<\/p>\n\n\n\n<p>Personal del\u00a0<strong>Servicio de Emergencias Coordinado<\/strong>\u00a0(<strong>SEC<\/strong>) que arrib\u00f3 a la escena constat\u00f3 que la v\u00edctima hab\u00eda sufrido\u00a0<strong>traumatismo de cr\u00e1neo<\/strong>, por lo que lo trasladaron al citado nosocomio de\u00a0<strong>Ciudad<\/strong>.<\/p>\n\n\n\n<p><strong>Fuente: www.elsol.com.ar<\/strong><\/p>\n","protected":false},"excerpt":{"rendered":"<p>Un&nbsp;obrero&nbsp;qued\u00f3 en grave estado luego de sufrir un&nbsp;accidente&nbsp;la tarde de este mi\u00e9rcoles en&nbsp;Godoy Cruz. Se encontraba trabajando en una construcci\u00f3n y cay\u00f3 desde un&nbsp;andamio. Qued\u00f3 internado en el&nbsp;Hospital Central. El episodio se registr\u00f3 las 13.20 cuando un llamado a la&nbsp;l\u00ednea de emergencias 911&nbsp;alert\u00f3 sobre un trabajador lesionado en una obra que se estaba desarrollando en&nbsp;calles [&hellip;]<\/p>\n","protected":false},"author":2,"featured_media":7759,"comment_status":"open","ping_status":"open","sticky":false,"template":"","format":"standard","meta":[],"categories":[48],"tags":[],"_links":{"self":[{"href":"https:\/\/pasaenmendoza.com\/index.php?rest_route=\/wp\/v2\/posts\/7758"}],"collection":[{"href":"https:\/\/pasaenmendoza.com\/index.php?rest_route=\/wp\/v2\/posts"}],"about":[{"href":"https:\/\/pasaenmendoza.com\/index.php?rest_route=\/wp\/v2\/types\/post"}],"author":[{"embeddable":true,"href":"https:\/\/pasaenmendoza.com\/index.php?rest_route=\/wp\/v2\/users\/2"}],"replies":[{"embeddable":true,"href":"https:\/\/pasaenmendoza.com\/index.php?rest_route=%2Fwp%2Fv2%2Fcomments&post=7758"}],"version-history":[{"count":1,"href":"https:\/\/pasaenmendoza.com\/index.php?rest_route=\/wp\/v2\/posts\/7758\/revisions"}],"predecessor-version":[{"id":7760,"href":"https:\/\/pasaenmendoza.com\/index.php?rest_route=\/wp\/v2\/posts\/7758\/revisions\/7760"}],"wp:featuredmedia":[{"embeddable":true,"href":"https:\/\/pasaenmendoza.com\/index.php?rest_route=\/wp\/v2\/media\/7759"}],"wp:attachment":[{"href":"https:\/\/pasaenmendoza.com\/index.php?rest_route=%2Fwp%2Fv2%2Fmedia&parent=7758"}],"wp:term":[{"taxonomy":"category","embeddable":true,"href":"https:\/\/pasaenmendoza.com\/index.php?rest_route=%2Fwp%2Fv2%2Fcategories&post=7758"},{"taxonomy":"post_tag","embeddable":true,"href":"https:\/\/pasaenmendoza.com\/index.php?rest_route=%2Fwp%2Fv2%2Ftags&post=7758"}],"curies":[{"name":"wp","href":"https:\/\/api.w.org\/{rel}","templated":true}]}}