{"id":7766,"date":"2024-05-24T14:34:53","date_gmt":"2024-05-24T12:34:53","guid":{"rendered":"https:\/\/pasaenmendoza.com\/?p=7766"},"modified":"2024-05-24T14:34:54","modified_gmt":"2024-05-24T12:34:54","slug":"murio-el-mendocino-carlos-achetoni-presidente-de-la-federacion-agraria","status":"publish","type":"post","link":"https:\/\/pasaenmendoza.com\/?p=7766","title":{"rendered":"Muri\u00f3 el mendocino Carlos Achetoni, presidente de la Federaci\u00f3n Agraria"},"content":{"rendered":"\n<p><strong>Carlos Achetoni<\/strong>, presidente de Federaci\u00f3n Agraria Argentina,&nbsp;<strong>muri\u00f3<\/strong>&nbsp;esta madrugada en un accidente de tr\u00e1nsito en la ruta nacional 188, a la altura de la localidad de Florentino Ameghino, en provincia de Buenos Aires.<\/p>\n\n\n\n<p>Achetoni se trasladaba a bordo de un\u00a0<strong>veh\u00edculo Fiat<\/strong>\u00a0<strong>Palio<\/strong>\u00a0que, por razones que se desconocen, impact\u00f3 por detr\u00e1s a un\u00a0<strong>cami\u00f3n<\/strong>\u00a0que se movilizaba en la misma direcci\u00f3n:\u00a0<strong>los dos circulaban de oeste a oeste<\/strong>, con direcci\u00f3n a Mendoza.<\/p>\n\n\n\n<p>La\u00a0<strong>ruta nacional 188\u00a0<\/strong>conecta provincia de Buenos Aires (San Nicol\u00e1s) con la localidad mendocina de la que era oriundo Achetoni,\u00a0<strong>General Alvear<\/strong>, por lo que se estima que ese podr\u00eda haber el destino final del viaje.<\/p>\n\n\n\n<p>M\u00e1s all\u00e1 de su tarea como presidente de la FAA,&nbsp;<strong>Achetoni<\/strong>&nbsp;ten\u00eda una&nbsp;<strong>finca<\/strong>&nbsp;en&nbsp;<strong>Bowen<\/strong>, distrito ubicado al este de la ciudad cabecera de General Alvear.<\/p>\n\n\n\n<p>&#8220;Este desgraciado acontecimiento enluta y entristece a la conducci\u00f3n y a todos los federados. Desde la entidad, acompa\u00f1amos y abrazamos a Mary, sus hijos y toda su familia en estos momentos tan devastadores. Siempre lo recordaremos<strong>\u00a0luchando por los peque\u00f1os y medianos productores y las econom\u00edas regionales<\/strong>\u00a0que tanto y tan bien ha representado&#8221;, se\u00f1al\u00f3 la FAA en un comunicado.<\/p>\n\n\n\n<p><strong>Fuente: www.mendozapost.com<\/strong><\/p>\n","protected":false},"excerpt":{"rendered":"<p>Carlos Achetoni, presidente de Federaci\u00f3n Agraria Argentina,&nbsp;muri\u00f3&nbsp;esta madrugada en un accidente de tr\u00e1nsito en la ruta nacional 188, a la altura de la localidad de Florentino Ameghino, en provincia de Buenos Aires. Achetoni se trasladaba a bordo de un\u00a0veh\u00edculo Fiat\u00a0Palio\u00a0que, por razones que se desconocen, impact\u00f3 por detr\u00e1s a un\u00a0cami\u00f3n\u00a0que se movilizaba en la misma [&hellip;]<\/p>\n","protected":false},"author":2,"featured_media":7767,"comment_status":"open","ping_status":"open","sticky":false,"template":"","format":"standard","meta":[],"categories":[48],"tags":[],"_links":{"self":[{"href":"https:\/\/pasaenmendoza.com\/index.php?rest_route=\/wp\/v2\/posts\/7766"}],"collection":[{"href":"https:\/\/pasaenmendoza.com\/index.php?rest_route=\/wp\/v2\/posts"}],"about":[{"href":"https:\/\/pasaenmendoza.com\/index.php?rest_route=\/wp\/v2\/types\/post"}],"author":[{"embeddable":true,"href":"https:\/\/pasaenmendoza.com\/index.php?rest_route=\/wp\/v2\/users\/2"}],"replies":[{"embeddable":true,"href":"https:\/\/pasaenmendoza.com\/index.php?rest_route=%2Fwp%2Fv2%2Fcomments&post=7766"}],"version-history":[{"count":1,"href":"https:\/\/pasaenmendoza.com\/index.php?rest_route=\/wp\/v2\/posts\/7766\/revisions"}],"predecessor-version":[{"id":7768,"href":"https:\/\/pasaenmendoza.com\/index.php?rest_route=\/wp\/v2\/posts\/7766\/revisions\/7768"}],"wp:featuredmedia":[{"embeddable":true,"href":"https:\/\/pasaenmendoza.com\/index.php?rest_route=\/wp\/v2\/media\/7767"}],"wp:attachment":[{"href":"https:\/\/pasaenmendoza.com\/index.php?rest_route=%2Fwp%2Fv2%2Fmedia&parent=7766"}],"wp:term":[{"taxonomy":"category","embeddable":true,"href":"https:\/\/pasaenmendoza.com\/index.php?rest_route=%2Fwp%2Fv2%2Fcategories&post=7766"},{"taxonomy":"post_tag","embeddable":true,"href":"https:\/\/pasaenmendoza.com\/index.php?rest_route=%2Fwp%2Fv2%2Ftags&post=7766"}],"curies":[{"name":"wp","href":"https:\/\/api.w.org\/{rel}","templated":true}]}}