{"id":7769,"date":"2024-05-24T14:55:08","date_gmt":"2024-05-24T12:55:08","guid":{"rendered":"https:\/\/pasaenmendoza.com\/?p=7769"},"modified":"2024-05-24T14:55:10","modified_gmt":"2024-05-24T12:55:10","slug":"en-3-meses-encontraron-a-tres-penitenciarios-que-intentaban-ingresar-chips-de-celular-a-carceles-de-mendoza","status":"publish","type":"post","link":"https:\/\/pasaenmendoza.com\/?p=7769","title":{"rendered":"En 3 meses, encontraron a tres penitenciarios que intentaban ingresar chips de celular a c\u00e1rceles\u00a0de\u00a0Mendoza"},"content":{"rendered":"\n<p>Encontraron a\u00a0<strong>tres penitenciarios<\/strong>\u00a0queriendo ingresar\u00a0<strong>tarjetas SIM<\/strong>\u00a0a\u00a0<strong>c\u00e1rceles\u00a0<\/strong>de\u00a0<strong>Mendoza<\/strong>.\u00a0Ocurri\u00f3 en\u00a0<strong>tres hechos separados en los \u00faltimos tres meses<\/strong>\u00a0y fueron develados por el director del Servicio Penitenciario de la provincia,\u00a0<strong>Eduardo Orellana<\/strong>. Los acusados ya afrontan procesos administrativos internos y pueden perder su trabajo, adem\u00e1s de probablemente tener cargos en su contra en la Justicia.<\/p>\n\n\n\n<p>Desde marzo para ac\u00e1, casi un caso por mes se detect\u00f3<strong>&nbsp;puertas adentro del sistema carcelario local.<\/strong>&nbsp;Se trata de oficiales a los que les encontraron -en al menos uno de los episodios-&nbsp;<strong>lo que se denomina &#8220;blisters&#8221; de chips: una cantidad considerable de tarjetas SIM&nbsp;<\/strong>que los&nbsp;<strong>presos usan<\/strong>&nbsp;para habilitar distintos n\u00fameros de tel\u00e9fono<strong>&nbsp;en un mismo celular.<\/strong><\/p>\n\n\n\n<p><strong>La revelaci\u00f3n la hizo Orellana en S\u00e9ptimo D\u00eda (Canal 7)<\/strong>, donde fue invitado para hablar sobre el nuevo programa del Gobierno que intenta aumentar el trabajo de los presos (y su calidad), para as\u00ed tambi\u00e9n fortalecer las chances de\u00a0<strong>resociabilizaci\u00f3n<\/strong>\u00a0de quienes est\u00e1n purgando cuentas con la Justicia. Sin embargo, al dialogar acerca del manejo interno de los tel\u00e9fonos -que desde hace tiempo est\u00e1n en el ojo de la tormenta-,\u00a0<strong>Orellana confirm\u00f3 la connivencia<\/strong>\u00a0de al menos esos tres efectivos con los internos.<strong>\u00a0Los casos podr\u00edan ser m\u00e1s.<\/strong><\/p>\n\n\n\n<h2 class=\"wp-block-heading\"><strong>El control de los celulares en las c\u00e1rceles<\/strong><\/h2>\n\n\n\n<p><strong>&#8220;Lo que pasa es que nosotros nos tomamos muy en serio el control interno. Requisamos a los propios penitenciarios<\/strong>&nbsp;y ah\u00ed les encontramos estos elementos. Ya pas\u00f3 tres veces en los \u00faltimos tres meses, como les dec\u00eda. Todo el tiempo estamos buscando y, en el \u00faltimo caso,&nbsp;<strong>la persona ten\u00eda una cantidad considerable de chips.&nbsp;<\/strong>Desconozco las&nbsp;<strong>estad\u00edsticas<\/strong>&nbsp;de los otros servicios en otras provincias, pero nosotros estamos muy firmes con esto&#8221;, asegur\u00f3 el funcionario.<\/p>\n\n\n\n<p><strong>El caso al que hizo referencia ocurri\u00f3 en marzo pasado y en principio ser\u00eda quien m\u00e1s cantidad de estos elementos prohibidos ten\u00eda en su poder.\u00a0<\/strong>Los casos detectados se dieron en la prisi\u00f3n de\u00a0<strong>San Felipe<\/strong>\u00a0(en dos oportunidades) y en la<strong>\u00a0c\u00e1rcel de Almafuerte.<\/strong>\u00a0Al pasar por una requisa, sus propios colegas carcelarios les encontraron los elementos y aplicaron el protocolo correspondiente.<\/p>\n\n\n\n<h2 class=\"wp-block-heading\">Qu\u00e9 pasa cuando aparecen chips en una celda<\/h2>\n\n\n\n<p><strong>Los tel\u00e9fonos est\u00e1n en la mira desde hace tiempo<\/strong>, porque la intenci\u00f3n de parte del Gobierno es&nbsp;<strong>retirarlos<\/strong>&nbsp;por completo del sistema.<\/p>\n\n\n\n<p>El asunto es que la decisi\u00f3n de la&nbsp;<strong>Justicia<\/strong>&nbsp;todav\u00eda no aparece de modo taxativo y hasta entonces&nbsp;<strong>los presos pueden mantenerlos, siempre que sean los declarados&nbsp;<\/strong>y siempre que los usen para hablar con sus familias o allegados.<\/p>\n\n\n\n<p><strong>Cuando se revisan las celdas, esos dispositivos son tomados como un elemento m\u00e1s,&nbsp;<\/strong>precisamente porque fueron permitidos, sobre todo en \u00e9poca de pandemia.<\/p>\n\n\n\n<p>El problema es que\u00a0<strong>suelen aparecer m\u00e1s artefactos que los &#8220;oficiales&#8221;<\/strong>, o directamente<strong>\u00a0las mencionadas tarjetas SIM<\/strong>\u00a0que luego ponen a funcionar en los celulares permitidos. En ese caso, cont\u00f3 el titular del Servicio, se les retiran por tiempo indeterminado los aparatos que s\u00ed ten\u00edan validados.<\/p>\n\n\n\n<p><strong>&#8220;Adem\u00e1s se imparte una sanci\u00f3n y se eval\u00faa qu\u00e9 es lo que realizaron con esa tarjeta SIM clandestina&#8221;,<\/strong>&nbsp;narr\u00f3. Si se cometieron delitos o existe una presunci\u00f3n de que lo hicieron, se abre una causa judicial aparte.<\/p>\n\n\n\n<p><strong>&#8220;Es un flagelo que tiene todo el pa\u00eds el ingreso de telefon\u00eda celular irregular.\u00a0<\/strong>Tenemos un n\u00famero alto de tarjetas que ya retiramos. No s\u00f3lo pasa con los penitenciarios, sino tambi\u00e9n en las visitas. \u00bf<strong>Y de d\u00f3nde sale un blister de chips para ser vendido?&#8221;<\/strong>, se pregunt\u00f3 el director del Servicio Penitenciario.<\/p>\n\n\n\n<h2 class=\"wp-block-heading\">N\u00fameros y &#8220;salarios&#8221; del trabajo en las c\u00e1rceles<\/h2>\n\n\n\n<p>Por estos d\u00edas comenz\u00f3 una prueba piloto que pretende el Gobierno provincial: implica que m\u00e1s empresas se sumen a las prisiones de Mendoza y de esa manera&nbsp;<strong>aparezca m\u00e1s maquinaria y tambi\u00e9n mayor capacitaci\u00f3n laboral<\/strong>. La novedad fue confirmada por el propio gobernador Alfredo Cornejo, cuando anunci\u00f3 el arranque del nuevo plan.<\/p>\n\n\n\n<p>Como cont\u00f3\u00a0<strong>Diario UNO<\/strong>\u00a0esta semana, diversas empresas podr\u00edan instalarse en\u00a0<strong>Cacheuta<\/strong>. Se interesaron desde\u00a0<strong>firmas de paneles termoaislantes y estructuras de metal para la construcci\u00f3n, pasando por f\u00e1bricas de pintura y una empresa de transporte<\/strong>\u00a0a la que les podr\u00edan elaborar los uniformes desde el penal.<\/p>\n\n\n\n<p>A muchos de los internos se les paga unos<strong>&nbsp;60 mil pesos.&nbsp;<\/strong>&#8220;Es una retribuci\u00f3n.<strong>&nbsp;El 30% se descuenta para gastos del servicio.<\/strong>&nbsp;Lo importante es la capacidad instalada, laboral y de oficio, adem\u00e1s de la externalidad positiva del sistema: que esa persona pueda<strong>&nbsp;tener continuidad laboral cuando salga&#8221;,&nbsp;<\/strong>dijo a este medio la ministra de Seguridad,<strong>&nbsp;Mercedes Rus.<\/strong><\/p>\n\n\n\n<p><strong>Adem\u00e1s, la<\/strong><strong>&nbsp;empresa que emplee a los internos les pagar\u00e1 el 50% de los ingresos&nbsp;<\/strong>y del 50% restante, que son las cargas sociales y las obligaciones que deben cubrir, se har\u00e1 cargo el Estado.<\/p>\n\n\n\n<p>As\u00ed funciona en la actualidad con los\u00a0<strong>3.547 internos que ya est\u00e1n empleados en los 107 talleres<\/strong>\u00a0que funcionan en el penal de San Felipe, en Boulogne Sur Mer; en la Colonia Penal de Lavalle; y en Almafuerte I.<\/p>\n\n\n\n<p><strong>Fuente: www.diariouno.com.ar<\/strong><\/p>\n","protected":false},"excerpt":{"rendered":"<p>Encontraron a\u00a0tres penitenciarios\u00a0queriendo ingresar\u00a0tarjetas SIM\u00a0a\u00a0c\u00e1rceles\u00a0de\u00a0Mendoza.\u00a0Ocurri\u00f3 en\u00a0tres hechos separados en los \u00faltimos tres meses\u00a0y fueron develados por el director del Servicio Penitenciario de la provincia,\u00a0Eduardo Orellana. Los acusados ya afrontan procesos administrativos internos y pueden perder su trabajo, adem\u00e1s de probablemente tener cargos en su contra en la Justicia. Desde marzo para ac\u00e1, casi un caso [&hellip;]<\/p>\n","protected":false},"author":2,"featured_media":7771,"comment_status":"open","ping_status":"open","sticky":false,"template":"","format":"standard","meta":[],"categories":[48],"tags":[],"_links":{"self":[{"href":"https:\/\/pasaenmendoza.com\/index.php?rest_route=\/wp\/v2\/posts\/7769"}],"collection":[{"href":"https:\/\/pasaenmendoza.com\/index.php?rest_route=\/wp\/v2\/posts"}],"about":[{"href":"https:\/\/pasaenmendoza.com\/index.php?rest_route=\/wp\/v2\/types\/post"}],"author":[{"embeddable":true,"href":"https:\/\/pasaenmendoza.com\/index.php?rest_route=\/wp\/v2\/users\/2"}],"replies":[{"embeddable":true,"href":"https:\/\/pasaenmendoza.com\/index.php?rest_route=%2Fwp%2Fv2%2Fcomments&post=7769"}],"version-history":[{"count":1,"href":"https:\/\/pasaenmendoza.com\/index.php?rest_route=\/wp\/v2\/posts\/7769\/revisions"}],"predecessor-version":[{"id":7772,"href":"https:\/\/pasaenmendoza.com\/index.php?rest_route=\/wp\/v2\/posts\/7769\/revisions\/7772"}],"wp:featuredmedia":[{"embeddable":true,"href":"https:\/\/pasaenmendoza.com\/index.php?rest_route=\/wp\/v2\/media\/7771"}],"wp:attachment":[{"href":"https:\/\/pasaenmendoza.com\/index.php?rest_route=%2Fwp%2Fv2%2Fmedia&parent=7769"}],"wp:term":[{"taxonomy":"category","embeddable":true,"href":"https:\/\/pasaenmendoza.com\/index.php?rest_route=%2Fwp%2Fv2%2Fcategories&post=7769"},{"taxonomy":"post_tag","embeddable":true,"href":"https:\/\/pasaenmendoza.com\/index.php?rest_route=%2Fwp%2Fv2%2Ftags&post=7769"}],"curies":[{"name":"wp","href":"https:\/\/api.w.org\/{rel}","templated":true}]}}