{"id":7770,"date":"2024-05-24T19:09:12","date_gmt":"2024-05-24T17:09:12","guid":{"rendered":"https:\/\/pasaenmendoza.com\/?p=7770"},"modified":"2024-05-24T19:09:14","modified_gmt":"2024-05-24T17:09:14","slug":"potasio-rio-colorado-la-planta-piloto-estara-a-punto-en-18-meses","status":"publish","type":"post","link":"https:\/\/pasaenmendoza.com\/?p=7770","title":{"rendered":"Potasio R\u00edo Colorado: la planta piloto estar\u00e1 a punto en 18 meses"},"content":{"rendered":"\n<p>As\u00ed lo confirm\u00f3 el director de Miner\u00eda, Jer\u00f3nimo Shantal. El a\u00f1o pasado Rodolfo Suarez firm\u00f3 el contrato de reactivaci\u00f3n de la mina. Ahora est\u00e1n en la etapa de reingenier\u00eda.<\/p>\n\n\n\n<p>Hace m\u00e1s de una d\u00e9cada, la actividad de\u00a0<strong>Potasio R\u00edo Colorado<\/strong>\u00a0qued\u00f3 paralizada tras la decisi\u00f3n unilateral de la empresa brasile\u00f1a VALE. El a\u00f1o pasado, sobre el final de su mandato, el exgobernador<strong>\u00a0Rodolfo Suarez<\/strong>\u00a0firm\u00f3 el contrato final con el representante de Minera Aguilar SA (de Integra Capital), Nicol\u00e1s Mallo Huergo, para el avance de la explotaci\u00f3n de la mina ubicada en Malarg\u00fce.\u00a0<\/p>\n\n\n\n<p>Actualmente, la empresa est\u00e1 trabajando en el lugar y esperan que la planta piloto est\u00e9 lista el a\u00f1o que viene. \u201c<strong>Potasio R\u00edo Colorado<\/strong>\u00a0est\u00e1 en plena etapa de reingenier\u00eda, la empresa tiene la obligaci\u00f3n de desarrollarla en el plazo de un a\u00f1o contando a partir del 1\u00b0 de enero. Y para la puesta a punto de la planta piloto es un plazo un poco mayor porque son 18 meses\u201d, confirm\u00f3 el director de\u00a0<strong>Miner\u00eda\u00a0<\/strong>de Mendoza, Jer\u00f3nimo Shantal.<\/p>\n\n\n\n<p>\u201cEsas labores est\u00e1n garantizadas porque est\u00e1n dentro del contrato que suscribi\u00f3 la provincia de Mendoza con la compa\u00f1\u00eda de Aguilar en noviembre del a\u00f1o pasado. Est\u00e1n trabajando\u201d, agreg\u00f3 el funcionario de Alfredo Cornejo.\u00a0<\/p>\n\n\n\n<p>Adem\u00e1s, Jer\u00f3nimo Shantal asegur\u00f3 que mantienen reuniones constantes con la empresa en las que van controlando el cumplimiento de los hitos y los plazos del contrato. \u201cNo dicen que va todo muy bien. Incluso nos adelantaron que tienen buenos resultados y que llegar\u00edan muy bien con los tiempos\u201d, dijo.<\/p>\n\n\n\n<p>\u201cTodav\u00eda es muy pronto para dar se\u00f1ales concretas de los resultados de esta reingenier\u00eda que tiene que ser aprobada por el Directorio cuyo derecho de veto lo tiene Mendoza con sus dos directores\u201d, a\u00f1adi\u00f3.\u00a0<\/p>\n\n\n\n<p>Si el proyecto avanza, la inversi\u00f3n total ser\u00e1 de 1.050 millones de d\u00f3lares en un plazo de cinco a\u00f1os y producir\u00e1 1,5 millones de toneladas anuales de sales de potasio<\/p>\n\n\n\n<h2 class=\"wp-block-heading\">La historia de Potasio R\u00edo Colorado<\/h2>\n\n\n\n<p>En febrero de 2009, VALE se hizo cargo del proyecto\u00a0<strong>Potasio R\u00edo Colorado<\/strong>\u00a0despu\u00e9s de adquirir la concesi\u00f3n de los activos de la empresa R\u00edo Tinto. La empresa brasile\u00f1a dise\u00f1\u00f3 la mayor unidad de producci\u00f3n de cloruro de potasio del mundo, con una capacidad de 4,3 millones de toneladas por a\u00f1o. Construyeron naves industriales, maquinaria instalada, una pista a\u00e9rea y dormitorios y servicios\u00a0 para 3 mil personas en el predio de 80 mil hect\u00e1reas emplazado en Malarg\u00fce.<\/p>\n\n\n\n<p>En el \u00faltimo trimestre de 2012 la empresa declar\u00f3 p\u00e9rdidas por 2.600 millones de d\u00f3lares por la ca\u00edda del consumo y precio del potasio en el mundo. Ante este panorama VALE tom\u00f3 la decisi\u00f3n de replantear y reestructurar el desarrollo de nuevos proyectos alrededor del mundo, entre los que se estaba&nbsp;<strong>Potasio R\u00edo Colorado<\/strong>. En otras palabras, la compa\u00f1\u00eda&nbsp; suspendi\u00f3 y abandon\u00f3 distintos emprendimientos.<\/p>\n\n\n\n<p>En diciembre de 2012 VALE interrumpi\u00f3 unilateralmente las inversiones paralizando las obras de construcci\u00f3n con un grave impacto laboral social y econ\u00f3mico para la regi\u00f3n.<\/p>\n\n\n\n<p>Reci\u00e9n en 2020, Mendoza recuper\u00f3 el yacimiento\u00a0y los activos de\u00a0<strong>Potasio R\u00edo Colorado<\/strong>\u00a0despu\u00e9s de que la Legislatura aprobara el acuerdo firmado entre el Gobernador Rodolfo Su\u00e1rez y VALE.<\/p>\n\n\n\n<p>FUENTE: MDZonline.<\/p>\n","protected":false},"excerpt":{"rendered":"<p>As\u00ed lo confirm\u00f3 el director de Miner\u00eda, Jer\u00f3nimo Shantal. El a\u00f1o pasado Rodolfo Suarez firm\u00f3 el contrato de reactivaci\u00f3n de la mina. Ahora est\u00e1n en la etapa de reingenier\u00eda. Hace m\u00e1s de una d\u00e9cada, la actividad de\u00a0Potasio R\u00edo Colorado\u00a0qued\u00f3 paralizada tras la decisi\u00f3n unilateral de la empresa brasile\u00f1a VALE. El a\u00f1o pasado, sobre el final [&hellip;]<\/p>\n","protected":false},"author":2,"featured_media":7776,"comment_status":"open","ping_status":"open","sticky":true,"template":"","format":"standard","meta":[],"categories":[47],"tags":[],"_links":{"self":[{"href":"https:\/\/pasaenmendoza.com\/index.php?rest_route=\/wp\/v2\/posts\/7770"}],"collection":[{"href":"https:\/\/pasaenmendoza.com\/index.php?rest_route=\/wp\/v2\/posts"}],"about":[{"href":"https:\/\/pasaenmendoza.com\/index.php?rest_route=\/wp\/v2\/types\/post"}],"author":[{"embeddable":true,"href":"https:\/\/pasaenmendoza.com\/index.php?rest_route=\/wp\/v2\/users\/2"}],"replies":[{"embeddable":true,"href":"https:\/\/pasaenmendoza.com\/index.php?rest_route=%2Fwp%2Fv2%2Fcomments&post=7770"}],"version-history":[{"count":1,"href":"https:\/\/pasaenmendoza.com\/index.php?rest_route=\/wp\/v2\/posts\/7770\/revisions"}],"predecessor-version":[{"id":7777,"href":"https:\/\/pasaenmendoza.com\/index.php?rest_route=\/wp\/v2\/posts\/7770\/revisions\/7777"}],"wp:featuredmedia":[{"embeddable":true,"href":"https:\/\/pasaenmendoza.com\/index.php?rest_route=\/wp\/v2\/media\/7776"}],"wp:attachment":[{"href":"https:\/\/pasaenmendoza.com\/index.php?rest_route=%2Fwp%2Fv2%2Fmedia&parent=7770"}],"wp:term":[{"taxonomy":"category","embeddable":true,"href":"https:\/\/pasaenmendoza.com\/index.php?rest_route=%2Fwp%2Fv2%2Fcategories&post=7770"},{"taxonomy":"post_tag","embeddable":true,"href":"https:\/\/pasaenmendoza.com\/index.php?rest_route=%2Fwp%2Fv2%2Ftags&post=7770"}],"curies":[{"name":"wp","href":"https:\/\/api.w.org\/{rel}","templated":true}]}}