{"id":7778,"date":"2024-05-24T19:15:59","date_gmt":"2024-05-24T17:15:59","guid":{"rendered":"https:\/\/pasaenmendoza.com\/?p=7778"},"modified":"2024-05-24T19:16:00","modified_gmt":"2024-05-24T17:16:00","slug":"renuncio-el-numero-2-de-vialidad-provincial","status":"publish","type":"post","link":"https:\/\/pasaenmendoza.com\/?p=7778","title":{"rendered":"Renunci\u00f3 el n\u00famero 2 de Vialidad provincial"},"content":{"rendered":"\n<p>Alfredo\u00a0Cornejo\u00a0acept\u00f3 la renuncia de\u00a0<strong>Oscar Giuberti<\/strong>, el subadministrador de la Direcci\u00f3n Provincial de Vialidad, quien permanecer\u00e1 en funciones hasta el pr\u00f3ximo viernes 31 de mayo.<\/p>\n\n\n\n<p>La medida tiene fecha del 16 de mayo pero se hizo oficial este viernes con la publicaci\u00f3n del decreto 949 en el Bolet\u00edn de la provincia de Mendoza.<\/p>\n\n\n\n<p><strong>Giuberti<\/strong>, quien es licenciado en Higiene y Seguridad en el Trabajo, hab\u00eda presentado su renuncia semanas atr\u00e1s, la cual se trat\u00f3 en el Ministerio de Gobierno, Infraestructura y Desarrollo Territorial, y finalmente fue aceptada.<\/p>\n\n\n\n<p>El funcionario, quien fue designado por Rodolfo Suarez a fines de julio de 2020 tras la\u00a0tormentosa salida de Oscar Sandes\u00a0como administrador, asumi\u00f3 junto con Osvaldo Romagnoli y se mantuvo en el cargo durante casi 4 a\u00f1os.<\/p>\n\n\n\n<p>En reemplazo de Giuberti entrar\u00eda la arquitecta Cecilia Eirin.<\/p>\n\n\n\n<p>Sobre Oscar Giuberti<\/p>\n\n\n\n<p>Giuberti hab\u00eda sido funcionario capitalino a cargo de la Direcci\u00f3n de Obras por Administraci\u00f3n de la Municipalidad de la Ciudad de Mendoza.<\/p>\n\n\n\n<p>Fue secretario de Obras P\u00fablicas en la gesti\u00f3n de Eduardo Cicchitti; director de Tr\u00e1nsito en la segunda gesti\u00f3n de Roberto Iglesias y director de Higiene y Servicios P\u00fablicos en las intendencias V\u00edctor Fayad y Roberto Iglesias.<\/p>\n\n\n\n<p>Comenz\u00f3 su carrera en la administraci\u00f3n provincial como inspector de obras, primero en el Departamento General de Irrigaci\u00f3n y luego en el \u00e1rea de edificios escolares de la Direcci\u00f3n General de Escuelas.<\/p>\n\n\n\n<p>FUENTE: Mendozapost.<\/p>\n","protected":false},"excerpt":{"rendered":"<p>Alfredo\u00a0Cornejo\u00a0acept\u00f3 la renuncia de\u00a0Oscar Giuberti, el subadministrador de la Direcci\u00f3n Provincial de Vialidad, quien permanecer\u00e1 en funciones hasta el pr\u00f3ximo viernes 31 de mayo. La medida tiene fecha del 16 de mayo pero se hizo oficial este viernes con la publicaci\u00f3n del decreto 949 en el Bolet\u00edn de la provincia de Mendoza. Giuberti, quien es [&hellip;]<\/p>\n","protected":false},"author":2,"featured_media":7779,"comment_status":"open","ping_status":"open","sticky":true,"template":"","format":"standard","meta":[],"categories":[47],"tags":[],"_links":{"self":[{"href":"https:\/\/pasaenmendoza.com\/index.php?rest_route=\/wp\/v2\/posts\/7778"}],"collection":[{"href":"https:\/\/pasaenmendoza.com\/index.php?rest_route=\/wp\/v2\/posts"}],"about":[{"href":"https:\/\/pasaenmendoza.com\/index.php?rest_route=\/wp\/v2\/types\/post"}],"author":[{"embeddable":true,"href":"https:\/\/pasaenmendoza.com\/index.php?rest_route=\/wp\/v2\/users\/2"}],"replies":[{"embeddable":true,"href":"https:\/\/pasaenmendoza.com\/index.php?rest_route=%2Fwp%2Fv2%2Fcomments&post=7778"}],"version-history":[{"count":1,"href":"https:\/\/pasaenmendoza.com\/index.php?rest_route=\/wp\/v2\/posts\/7778\/revisions"}],"predecessor-version":[{"id":7780,"href":"https:\/\/pasaenmendoza.com\/index.php?rest_route=\/wp\/v2\/posts\/7778\/revisions\/7780"}],"wp:featuredmedia":[{"embeddable":true,"href":"https:\/\/pasaenmendoza.com\/index.php?rest_route=\/wp\/v2\/media\/7779"}],"wp:attachment":[{"href":"https:\/\/pasaenmendoza.com\/index.php?rest_route=%2Fwp%2Fv2%2Fmedia&parent=7778"}],"wp:term":[{"taxonomy":"category","embeddable":true,"href":"https:\/\/pasaenmendoza.com\/index.php?rest_route=%2Fwp%2Fv2%2Fcategories&post=7778"},{"taxonomy":"post_tag","embeddable":true,"href":"https:\/\/pasaenmendoza.com\/index.php?rest_route=%2Fwp%2Fv2%2Ftags&post=7778"}],"curies":[{"name":"wp","href":"https:\/\/api.w.org\/{rel}","templated":true}]}}