{"id":7781,"date":"2024-05-24T19:21:01","date_gmt":"2024-05-24T17:21:01","guid":{"rendered":"https:\/\/pasaenmendoza.com\/?p=7781"},"modified":"2024-05-24T19:21:02","modified_gmt":"2024-05-24T17:21:02","slug":"los-inversores-estan-esperando-el-rigi-afirmo-latorre-tras-la-conformacion-de-la-mesa-del-cobre","status":"publish","type":"post","link":"https:\/\/pasaenmendoza.com\/?p=7781","title":{"rendered":"&#8220;Los inversores est\u00e1n esperando el RIGI&#8221;, afirm\u00f3 Latorre tras la conformaci\u00f3n de la Mesa del Cobre"},"content":{"rendered":"\n<p>Alfredo Cornejo y los otros cinco gobernadores de la Mesa del Cobre apoyaron el R\u00e9gimen de incentivo para grandes inversiones<\/p>\n\n\n\n<p>&#8220;Los grandes inversores est\u00e1n esperando el\u00a0<strong>RIGI<\/strong>&#8220;, dijo la ministra de Energ\u00eda y Ambiente\u00a0<strong>Jimena Latorre<\/strong>\u00a0sobre el\u00a0R\u00e9gimen de Incentivo para Grandes Inversiones que promueve el presidente Javier Milei en la\u00a0<strong>Ley Bases<\/strong>.<\/p>\n\n\n\n<p>A su vuelta de la Expo minera en San Juan y la conformaci\u00f3n de la Mesa del Cobre, ahora con Mendoza entre los protagonistas, la ministra Latorre apoy\u00f3 este r\u00e9gimen para favorecer grandes inversiones, como lo hizo el gobernador Alfredo Cornejo.<\/p>\n\n\n\n<h2 class=\"wp-block-heading\">Empresarios esperan el RIGI<\/h2>\n\n\n\n<p>&#8220;Los grandes inversores est\u00e1n esperando tener&nbsp;<strong>estabilidad tributaria, cambiaria, regulatoria<\/strong>&#8220;, afirm\u00f3 la ministra a su regreso de San Juan, donde se reuni\u00f3, entre otros, con empresarios canadienses.<\/p>\n\n\n\n<p>&#8220;Ning\u00fan gran inversor que tenga que traer a la Argentina, o siendo argentino tenga que afectar a esta actividad productiva entre 3.000 y 5.000 millones de d\u00f3lares, va a hacerlo si no sabe si va a poder, por ejemplo, sacar parte de esas divisas a las casas matrices, o si va a poder tener estabilidad tributaria de ac\u00e1 a 30 a\u00f1os, que es la vida de una mina&#8221;, explic\u00f3.<\/p>\n\n\n\n<p><strong>&#8220;Entonces est\u00e1n todos muy enfocados en que efectivamente eso se apruebe&#8221;<\/strong>, dijo meti\u00e9ndole presi\u00f3n a los senadores que tienen hoy la carta para aprobar o no la Ley Bases en el Congreso.<\/p>\n\n\n\n<p>&#8220;Los gobernadores (de la Mesa del Cobre) hicieron referencia espec\u00edfica al apoyo al RIGI y a la necesidad de un r\u00e9gimen de grandes inversiones que brinde esas garant\u00edas para que efectivamente el dinero llegue&#8221;, cont\u00f3.<\/p>\n\n\n\n<p>Y&nbsp;<strong>les pidieron a las grandes empresas que estaban en la feria minera que inicien esas inversiones&nbsp;<\/strong>que tienen proyectadas para que efectivamente empiecen a trabajar tanto en Mendoza, en la exploraci\u00f3n, como en el resto de las provincias que est\u00e1n m\u00e1s avanzadas, en la explotaci\u00f3n.<\/p>\n\n\n\n<h2 class=\"wp-block-heading\">Qu\u00e9 significa la Mesa del Cobre para Mendoza<\/h2>\n\n\n\n<p><strong>&#8220;Que Mendoza sea parte de la Mesa del Cobre es un signo m\u00e1s de esa inserci\u00f3n en el panorama internacional y nacional de la miner\u00eda&#8221;<\/strong>, expres\u00f3 la ministra Jimena Latorre para explicar el significado de la firma del gobernador.<\/p>\n\n\n\n<p><strong>La Mesa del Cobre en s\u00ed misma es un acuerdo de regionalizaci\u00f3n<\/strong>. &#8220;As\u00ed como hay regiones econ\u00f3micas para distintas actividades productivas en nuestro pa\u00eds, esto es una mesa vinculada a la producci\u00f3n de la actividad minera de cobre. Y lo que busca es algo que los inversores tanto locales como internacionales quieren reiteradamente: que haya una coherencia entre la normativa y las condiciones de inversi\u00f3n en las distintas provincias&#8221;, explic\u00f3 Latorre.<\/p>\n\n\n\n<p>&#8220;Grandes firmas que vienen a invertir en San Juan o en Salta o en Catamarca, y tienen proyectos en m\u00e1s de una provincia,&nbsp;<strong>quieren que haya una armon\u00eda normativa, regulatoria, tributaria en estas provincias y una coordinaci\u00f3n con la pol\u00edtica de la Naci\u00f3n<\/strong>&#8220;.<\/p>\n\n\n\n<p>Esa armon\u00eda que requieren las empresas es lo que va a buscar la Mesa del Cobre.<\/p>\n\n\n\n<p>Hoy,&nbsp;<strong>Mendoza tiene cuatro proyectos de cobre en etapas exploratorias en Malarg\u00fce<\/strong>, que &#8220;tiene m\u00e1s de 250 propiedades mineras y eso implica alrededor de m\u00e1s de 100 proyectos espec\u00edficos en esos 18.000 kil\u00f3metros cuadrados del per\u00edmetro&#8221;.<\/p>\n\n\n\n<p>Eso, &#8220;muestra un potencial que empieza a encauzarse por las v\u00edas de proyectos espec\u00edficos. Entonces, es importante en un escenario mundial donde hay una alt\u00edsima demanda de este mineral de transici\u00f3n, que es el cobre necesario para la electromovilidad, para la electrificaci\u00f3n de las ciudades, para el almacenamiento de las energ\u00edas renovables, etc&#8221;.<\/p>\n\n\n\n<p><strong>La realidad muestra tambi\u00e9n que Mendoza est\u00e1 muchos pasos atr\u00e1s en comparaci\u00f3n con otras provincias<\/strong>&nbsp;como pueden ser Salta o San Juan, &#8220;pero eso no quita que ese potencial ya se empiece a encauzar en lo que son propias tareas mineras como la exploraci\u00f3n&#8221;.<\/p>\n\n\n\n<p><strong>De los proyectos que actualmente hay en Mendoza, solo uno ya tiene la exploraci\u00f3n terminada. Se trata del proyecto San Jorge<\/strong>, ubicado en Uspallata, que qued\u00f3 a mitad de camino porque su declaraci\u00f3n de impacto ambiental para la explotaci\u00f3n fue rechazada.<\/p>\n\n\n\n<p>&#8220;Si quiere poner en producci\u00f3n esa mina, es decir, construir la mina y empezar a producir, tiene que presentar una nueva declaraci\u00f3n de impacto ambiental y hasta ahora no lo ha hecho&#8221;, explic\u00f3 Latorre.<\/p>\n\n\n\n<p>&#8220;El inter\u00e9s se ha mantenido de parte de los titulares de esos derechos mineros de llegar a una fase de explotaci\u00f3n pero hasta ahora no ha adecuado a la legislaci\u00f3n vigente la declaraci\u00f3n de impacto ambiental&#8221;, agreg\u00f3 la ministra.<\/p>\n\n\n\n<p>FUENTE: Diariouno.com.ar <\/p>\n","protected":false},"excerpt":{"rendered":"<p>Alfredo Cornejo y los otros cinco gobernadores de la Mesa del Cobre apoyaron el R\u00e9gimen de incentivo para grandes inversiones &#8220;Los grandes inversores est\u00e1n esperando el\u00a0RIGI&#8220;, dijo la ministra de Energ\u00eda y Ambiente\u00a0Jimena Latorre\u00a0sobre el\u00a0R\u00e9gimen de Incentivo para Grandes Inversiones que promueve el presidente Javier Milei en la\u00a0Ley Bases. A su vuelta de la Expo [&hellip;]<\/p>\n","protected":false},"author":2,"featured_media":7782,"comment_status":"open","ping_status":"open","sticky":true,"template":"","format":"standard","meta":[],"categories":[47],"tags":[],"_links":{"self":[{"href":"https:\/\/pasaenmendoza.com\/index.php?rest_route=\/wp\/v2\/posts\/7781"}],"collection":[{"href":"https:\/\/pasaenmendoza.com\/index.php?rest_route=\/wp\/v2\/posts"}],"about":[{"href":"https:\/\/pasaenmendoza.com\/index.php?rest_route=\/wp\/v2\/types\/post"}],"author":[{"embeddable":true,"href":"https:\/\/pasaenmendoza.com\/index.php?rest_route=\/wp\/v2\/users\/2"}],"replies":[{"embeddable":true,"href":"https:\/\/pasaenmendoza.com\/index.php?rest_route=%2Fwp%2Fv2%2Fcomments&post=7781"}],"version-history":[{"count":1,"href":"https:\/\/pasaenmendoza.com\/index.php?rest_route=\/wp\/v2\/posts\/7781\/revisions"}],"predecessor-version":[{"id":7783,"href":"https:\/\/pasaenmendoza.com\/index.php?rest_route=\/wp\/v2\/posts\/7781\/revisions\/7783"}],"wp:featuredmedia":[{"embeddable":true,"href":"https:\/\/pasaenmendoza.com\/index.php?rest_route=\/wp\/v2\/media\/7782"}],"wp:attachment":[{"href":"https:\/\/pasaenmendoza.com\/index.php?rest_route=%2Fwp%2Fv2%2Fmedia&parent=7781"}],"wp:term":[{"taxonomy":"category","embeddable":true,"href":"https:\/\/pasaenmendoza.com\/index.php?rest_route=%2Fwp%2Fv2%2Fcategories&post=7781"},{"taxonomy":"post_tag","embeddable":true,"href":"https:\/\/pasaenmendoza.com\/index.php?rest_route=%2Fwp%2Fv2%2Ftags&post=7781"}],"curies":[{"name":"wp","href":"https:\/\/api.w.org\/{rel}","templated":true}]}}