{"id":7784,"date":"2024-05-24T19:24:14","date_gmt":"2024-05-24T17:24:14","guid":{"rendered":"https:\/\/pasaenmendoza.com\/?p=7784"},"modified":"2024-05-24T19:24:15","modified_gmt":"2024-05-24T17:24:15","slug":"alfredo-cornejo-aseguro-que-la-unica-politica-de-estado-que-tuvo-la-argentina-fue-el-deficit-fiscal","status":"publish","type":"post","link":"https:\/\/pasaenmendoza.com\/?p=7784","title":{"rendered":"Alfredo Cornejo asegur\u00f3 que \u201cla \u00fanica pol\u00edtica de Estado que tuvo la Argentina fue el d\u00e9ficit fiscal\u201d"},"content":{"rendered":"\n<p>El Gobernador dijo que revertir esta situaci\u00f3n es \u201ccontracultural\u201d. Pidi\u00f3 un respaldo para la ley Bases.<\/p>\n\n\n\n<p>El gobernador<strong>&nbsp;Alfredo Cornejo&nbsp;<\/strong>realiz\u00f3 el discurso de cierre de la reuni\u00f3n Federal de la&nbsp;<strong>Uni\u00f3n Industrial Argentina<\/strong>, en la que se refiri\u00f3 principalmente a la coyuntura nacional, en donde asegur\u00f3 que la administraci\u00f3n de&nbsp;<strong>Javier Milei<\/strong>&nbsp;deber\u00e1 afrontar una tarea contracultural para cambiar la \u201c<em>\u00fanica pol\u00edtica que tuvo el pa\u00eds<\/em>\u201d fue el d\u00e9ficit fiscal.<\/p>\n\n\n\n<p>Del encuentro, realizado en un importante hotel c\u00e9ntrico, participaron el ministro de producci\u00f3n de San Juan, Gustavo Fern\u00e1ndez, el de\u00a0Industria, Comercio, Miner\u00eda y Transporte de San Luis, Federico Trombotto, el presidente de la Uni\u00f3n Industrial Argentina, Daniel Funes de Rioja y el secretario de Planeamiento y Gesti\u00f3n para el Desarrollo Productivo y de la Bioeconom\u00eda, Juan Pazo.<\/p>\n\n\n\n<p>Cornejo respald\u00f3 el proyecto de ley Bases que impulsa el Gobierno nacional y asegur\u00f3 que se trata de combatir la cultura del d\u00e9ficit fiscal, la que consider\u00f3 como la \u00fanica pol\u00edtica de Estado que se sostuvo en el pa\u00eds durante los \u00faltimos 60 a\u00f1os.<\/p>\n\n\n\n<p><em>\u201cEl cambio de modelo econ\u00f3mico tiene que tener apoyatura pol\u00edtica. Las pol\u00edticas de Estado son aquellas que por definici\u00f3n tienen alto nivel de consenso entre los sectores pol\u00edticos y de los actores de la sociedad. La \u00fanica pol\u00edtica de este tipo que hemos tenido en los \u00faltimos 60 a\u00f1os es el d\u00e9ficit fiscal\u201d<\/em>, explic\u00f3 Cornejo.<\/p>\n\n\n\n<p><\/p>\n\n\n\n<p>Sobre este punto, cuestion\u00f3 un argumento utilizado por \u201cdefensores del d\u00e9ficit\u201d y asegur\u00f3 que la confianza en un pa\u00eds es clave.<\/p>\n\n\n\n<p><em>\u201cHay quienes argumentan que Estados Unidos o Alemania tienen un d\u00e9ficit infinitamente superior al nuestro. Es real, pero ellos tienen tal nivel de confianza, que el mercado igualmente les presta a tasa de inter\u00e9s baj\u00edsima. El sistema conf\u00eda en las instituciones\u201d<\/em>, explic\u00f3 Cornejo. Tras esto, se\u00f1al\u00f3 que<em>&nbsp;\u201cla batalla ser\u00e1 contracultura<\/em>l\u201d para dejar de vivir con d\u00e9ficit.<\/p>\n\n\n\n<p><em>\u201cEstamos ante una posibilidad inmensa, el pueblo, que en su mayor\u00eda no conoce de macroeconom\u00eda, pidi\u00f3 un cambio sustantivo en la administraci\u00f3n del Estado. Debemos comprender la dirigencia pol\u00edtica y empresarial, un cambio contracultural en pos de no m\u00e1s d\u00e9ficit. Por esto, es muy relevante que sean sancionadas en el Congre<\/em>so\u00a0<em>apruebe el paquete de ley bases. Llevamos cinco meses sin que los legisladores le den las herramientas al gobierno nacional para que lidere este cambio cultural\u201d,\u00a0<\/em>dijo Cornejo.<\/p>\n\n\n\n<p>FUENTE: Elsol.com.ar <\/p>\n","protected":false},"excerpt":{"rendered":"<p>El Gobernador dijo que revertir esta situaci\u00f3n es \u201ccontracultural\u201d. Pidi\u00f3 un respaldo para la ley Bases. El gobernador&nbsp;Alfredo Cornejo&nbsp;realiz\u00f3 el discurso de cierre de la reuni\u00f3n Federal de la&nbsp;Uni\u00f3n Industrial Argentina, en la que se refiri\u00f3 principalmente a la coyuntura nacional, en donde asegur\u00f3 que la administraci\u00f3n de&nbsp;Javier Milei&nbsp;deber\u00e1 afrontar una tarea contracultural para cambiar [&hellip;]<\/p>\n","protected":false},"author":2,"featured_media":7785,"comment_status":"open","ping_status":"open","sticky":true,"template":"","format":"standard","meta":[],"categories":[47],"tags":[],"_links":{"self":[{"href":"https:\/\/pasaenmendoza.com\/index.php?rest_route=\/wp\/v2\/posts\/7784"}],"collection":[{"href":"https:\/\/pasaenmendoza.com\/index.php?rest_route=\/wp\/v2\/posts"}],"about":[{"href":"https:\/\/pasaenmendoza.com\/index.php?rest_route=\/wp\/v2\/types\/post"}],"author":[{"embeddable":true,"href":"https:\/\/pasaenmendoza.com\/index.php?rest_route=\/wp\/v2\/users\/2"}],"replies":[{"embeddable":true,"href":"https:\/\/pasaenmendoza.com\/index.php?rest_route=%2Fwp%2Fv2%2Fcomments&post=7784"}],"version-history":[{"count":1,"href":"https:\/\/pasaenmendoza.com\/index.php?rest_route=\/wp\/v2\/posts\/7784\/revisions"}],"predecessor-version":[{"id":7786,"href":"https:\/\/pasaenmendoza.com\/index.php?rest_route=\/wp\/v2\/posts\/7784\/revisions\/7786"}],"wp:featuredmedia":[{"embeddable":true,"href":"https:\/\/pasaenmendoza.com\/index.php?rest_route=\/wp\/v2\/media\/7785"}],"wp:attachment":[{"href":"https:\/\/pasaenmendoza.com\/index.php?rest_route=%2Fwp%2Fv2%2Fmedia&parent=7784"}],"wp:term":[{"taxonomy":"category","embeddable":true,"href":"https:\/\/pasaenmendoza.com\/index.php?rest_route=%2Fwp%2Fv2%2Fcategories&post=7784"},{"taxonomy":"post_tag","embeddable":true,"href":"https:\/\/pasaenmendoza.com\/index.php?rest_route=%2Fwp%2Fv2%2Ftags&post=7784"}],"curies":[{"name":"wp","href":"https:\/\/api.w.org\/{rel}","templated":true}]}}