{"id":7790,"date":"2024-05-24T23:35:44","date_gmt":"2024-05-24T21:35:44","guid":{"rendered":"https:\/\/pasaenmendoza.com\/?p=7790"},"modified":"2024-05-24T23:35:45","modified_gmt":"2024-05-24T21:35:45","slug":"el-ministro-vargas-arizu-pacto-el-impulso-regional-de-la-industria-con-sus-pares-de-san-juan-y-san-luis","status":"publish","type":"post","link":"https:\/\/pasaenmendoza.com\/?p=7790","title":{"rendered":"El ministro Vargas Arizu pact\u00f3 el impulso regional de la industria con sus pares de San Juan y San Luis"},"content":{"rendered":"\n<p>Autoridades de la\u00a0<strong>Uni\u00f3n Industrial Argentina<\/strong>\u00a0<strong>(UIA)<\/strong>\u00a0y los representantes de las uniones provinciales de Mendoza, San Juan y San Luis firmaron junto a los\u00a0<strong>ministros de Producci\u00f3n o Econom\u00eda<\/strong>\u00a0de esas provincias un acuerdo para impulsar acciones que potencien la producci\u00f3n, la incorporaci\u00f3n de tecnolog\u00eda, el aumento de las exportaciones y la generaci\u00f3n de m\u00e1s y mejor empleo de manera regional.<\/p>\n\n\n\n<p>Fue este viernes durante la\u00a0reuni\u00f3n federal de la Uni\u00f3n Industrial Argentina (UIA) que se realiz\u00f3 en Mendoza. En el documento, que est\u00e1<strong>\u00a0firmado por Rodolfo Vargas Arizu<\/strong>, coinciden en:<\/p>\n\n\n\n<ul>\n<li>Fomentar la creaci\u00f3n de empresas sostenibles, destacar la importancia de la producci\u00f3n, como vector de crecimiento y desarrollo<\/li>\n\n\n\n<li>Desarrollar pol\u00edticas productivas para la creaci\u00f3n de empleo de calidad registrado y socialmente protegido.<\/li>\n\n\n\n<li>Incorporar la educaci\u00f3n desde el punto de vista del capital humano articulando entre el sistema productivo y el educativo con las nuevas tecnolog\u00edas y las aptitudes profesionales que se requieran.<\/li>\n<\/ul>\n\n\n\n<p><\/p>\n\n\n\n<ul>\n<li>&#8220;Para iniciar este camino,<strong>\u00a0las Uniones Industriales de San Juan, San Luis y Mendoza, junto a los ministros de Producci\u00f3n y\/o Econom\u00eda de las mismas provincias nos enfocamos en cuatro grandes temas que vinculan a las provincias de nuestra regi\u00f3n<\/strong>, sobre los cuales podemos dise\u00f1ar pol\u00edticas espec\u00edficas en un marco de articulaci\u00f3n p\u00fablico \u2013 privada&#8221;, explican los empresarios y funcionarios.<\/li>\n<\/ul>\n\n\n\n<p><\/p>\n\n\n\n<h2 class=\"wp-block-heading\">Los cuatro puntos en los que se enfocar\u00e1n desde la UIA<\/h2>\n\n\n\n<p><strong>1. Recursos naturales y energ\u00eda<\/strong><\/p>\n\n\n\n<p>Cada una de nuestras provincias cuenta con recursos naturales cuya explotaci\u00f3n y desarrollo, en el marco de las agendas globales de sostenibilidad, son claves para la generaci\u00f3n de divisas a trav\u00e9s de exportaciones, y la atracci\u00f3n de inversiones locales y\/o extranjeras.&nbsp;<strong>Afianzar este camino en miner\u00eda, petr\u00f3leo, gas, generaci\u00f3n de energ\u00eda solar, e\u00f3lica o hidr\u00e1ulica&nbsp;<\/strong>posibilita el desarrollo de una amplia matriz de proveedores en toda la regi\u00f3n, fortaleciendo un gran entramado productivo PyME con enclaves en las respectivas localidades, articulando con el resto del territorio argentino.<\/p>\n\n\n\n<p><strong>2. Infraestructura y comunicaciones<\/strong><\/p>\n\n\n\n<p><strong>La vinculaci\u00f3n de nuestras provincias requiere evidentes mejoras en la infraestructura vial<\/strong>, no solo en las rutas nacionales que nos vinculan, sino tambi\u00e9n en numerosas rutas provinciales y caminos productivos que son parte de nuestra matriz econ\u00f3mica regional. Es necesario&nbsp;<strong>ampliar la red de autopistas, autov\u00edas, y las v\u00edas de acceso a centros productivos<\/strong>, con obras que contemplen el transporte en camiones bitrenes o la multimodalidad junto al ferrocarril. El corredor bioce\u00e1nico y los pasos a Chile tienen en esta agenda un rol central.<\/p>\n\n\n\n<p>En el mismo sentido, es necesaria la\u00a0<strong>ampliaci\u00f3n de la conectividad en parques y\/o zonas industriales<\/strong>, las conexiones de \u00faltima milla de fibra \u00f3ptica, impulsar el desarrollo del 5G necesario para las tecnolog\u00edas 4.0 en la industria, y tambi\u00e9n la internet satelital para zonas rurales o alejadas de centros industriales.<\/p>\n\n\n\n<p><strong>3. Log\u00edstica y transporte<\/strong><\/p>\n\n\n\n<p>Todas las mejoras en infraestructura vinculada al transporte y la log\u00edstica impactan positivamente en la competitividad nacional e internacional de nuestras industrias. En este sentido,&nbsp;<strong>con el ferrocarril, los bitrenes, y estaciones multimodales de carga, zonas francas y puertos secos, podemos proyectar una industria conectada<\/strong>&nbsp;en la regi\u00f3n de cuyo, hacia el pa\u00eds, y al exterior. En particular el corredor bioce\u00e1nico es una venta de oportunidad, a partir de la optimizaci\u00f3n y mayores eficiencias en el paso Cristo Redentor, como tambi\u00e9n de los pasos Pehuenche y Agua Negra en San Juan.<\/p>\n\n\n\n<p><strong>4. Tributario y financiamiento<\/strong><\/p>\n\n\n\n<p>En primer lugar, promover la necesidad del<strong>&nbsp;equilibrio fiscal de la naci\u00f3n y de nuestras provincias<\/strong>. En este marco, seguir trabajando para continuar con la reducci\u00f3n de la carga impositiva en nuestros territorios provinciales. Atendiendo las realidades particulares, establecer como principio de base, el no incremento de al\u00edcuotas o la creaci\u00f3n de nuevas.<\/p>\n\n\n\n<p>Del mismo modo,\u00a0<strong>crear un comit\u00e9 regional que analice y elabore propuestas para mejorar las condiciones de competitividad de la regi\u00f3n\u00a0<\/strong>y de las provincias intervinientes en los aspectos impositivos y administrativos, procurando promover ventajas comparativas que sean atractivas para nuevas inversiones, consolidando tambi\u00e9n la actividad industrial en cada uno de los territorios provinciales intervinientes.<\/p>\n\n\n\n<p><strong>Fuente: www.diariouno.com.ar<\/strong><\/p>\n","protected":false},"excerpt":{"rendered":"<p>Autoridades de la\u00a0Uni\u00f3n Industrial Argentina\u00a0(UIA)\u00a0y los representantes de las uniones provinciales de Mendoza, San Juan y San Luis firmaron junto a los\u00a0ministros de Producci\u00f3n o Econom\u00eda\u00a0de esas provincias un acuerdo para impulsar acciones que potencien la producci\u00f3n, la incorporaci\u00f3n de tecnolog\u00eda, el aumento de las exportaciones y la generaci\u00f3n de m\u00e1s y mejor empleo de [&hellip;]<\/p>\n","protected":false},"author":2,"featured_media":7791,"comment_status":"open","ping_status":"open","sticky":false,"template":"","format":"standard","meta":[],"categories":[87],"tags":[],"_links":{"self":[{"href":"https:\/\/pasaenmendoza.com\/index.php?rest_route=\/wp\/v2\/posts\/7790"}],"collection":[{"href":"https:\/\/pasaenmendoza.com\/index.php?rest_route=\/wp\/v2\/posts"}],"about":[{"href":"https:\/\/pasaenmendoza.com\/index.php?rest_route=\/wp\/v2\/types\/post"}],"author":[{"embeddable":true,"href":"https:\/\/pasaenmendoza.com\/index.php?rest_route=\/wp\/v2\/users\/2"}],"replies":[{"embeddable":true,"href":"https:\/\/pasaenmendoza.com\/index.php?rest_route=%2Fwp%2Fv2%2Fcomments&post=7790"}],"version-history":[{"count":1,"href":"https:\/\/pasaenmendoza.com\/index.php?rest_route=\/wp\/v2\/posts\/7790\/revisions"}],"predecessor-version":[{"id":7792,"href":"https:\/\/pasaenmendoza.com\/index.php?rest_route=\/wp\/v2\/posts\/7790\/revisions\/7792"}],"wp:featuredmedia":[{"embeddable":true,"href":"https:\/\/pasaenmendoza.com\/index.php?rest_route=\/wp\/v2\/media\/7791"}],"wp:attachment":[{"href":"https:\/\/pasaenmendoza.com\/index.php?rest_route=%2Fwp%2Fv2%2Fmedia&parent=7790"}],"wp:term":[{"taxonomy":"category","embeddable":true,"href":"https:\/\/pasaenmendoza.com\/index.php?rest_route=%2Fwp%2Fv2%2Fcategories&post=7790"},{"taxonomy":"post_tag","embeddable":true,"href":"https:\/\/pasaenmendoza.com\/index.php?rest_route=%2Fwp%2Fv2%2Ftags&post=7790"}],"curies":[{"name":"wp","href":"https:\/\/api.w.org\/{rel}","templated":true}]}}