{"id":7793,"date":"2024-05-24T23:44:33","date_gmt":"2024-05-24T21:44:33","guid":{"rendered":"https:\/\/pasaenmendoza.com\/?p=7793"},"modified":"2024-05-24T23:44:34","modified_gmt":"2024-05-24T21:44:34","slug":"las-recomendaciones-de-aysam-por-el-corte-de-agua-potable-en-el-gran-mendoza","status":"publish","type":"post","link":"https:\/\/pasaenmendoza.com\/?p=7793","title":{"rendered":"Las recomendaciones de Aysam por el corte de agua potable en el Gran Mendoza"},"content":{"rendered":"\n<p>Aguas Mendocinas (<strong>Aysam<\/strong>)\u00a0ofreci\u00f3 una serie de recomendaciones por el masivo corte de agua potable\u00a0que afectar\u00e1 al Gran Mendoza este s\u00e1bado.<\/p>\n\n\n\n<p>La empresa colocar\u00e1 un caudal\u00edmetro electromagn\u00e9tico en Luj\u00e1n de Cuyo, provocando la interrupci\u00f3n del servicio durante toda la jornada en las siguientes localidades:<\/p>\n\n\n\n<ul>\n<li><strong>Luj\u00e1n:<\/strong>&nbsp;La Puntilla y Carrodilla.<\/li>\n\n\n\n<li><strong>Godoy Cruz:<\/strong>&nbsp;Sarmiento, Benegas, Las Tortugas, San Francisco del Monte.<\/li>\n\n\n\n<li><strong>Ciudad:<\/strong>&nbsp;En las Secciones 1\u00b0, 2\u00b0, 3\u00b0, 4\u00b0, 5\u00b0, 6\u00b0, 7\u00b0 y la Favorita.<\/li>\n\n\n\n<li><strong>Las Heras:<\/strong>&nbsp;Zona centro, oeste y norte de Las Heras<\/li>\n\n\n\n<li><strong>Guaymall\u00e9n:<\/strong>&nbsp;Dorrego, Las Ca\u00f1as, Villa Nueva, San Jos\u00e9, Pedro Molina, Jes\u00fas Nazareno, Rodeo de la Cruz y Km11.<\/li>\n\n\n\n<li><strong>Maip\u00fa:<\/strong>&nbsp;Coquimbito.<\/li>\n<\/ul>\n\n\n\n<h2 class=\"wp-block-heading\" id=\"h-recomendaciones\">Recomendaciones<\/h2>\n\n\n\n<p>Durante el corte de servicio, Aysam recomend\u00f3 una serie de acciones que van desde reservar agua embotellada a no utilizar el lavarropas.<\/p>\n\n\n\n<p>\u2022 Mantener una reserva de agua potable embotellada de 2 litros por persona y guardarla en recipientes limpios.<\/p>\n\n\n\n<p>\u2022 Cuidar permanentemente la reserva de agua en el tanque domiciliario.<\/p>\n\n\n\n<p>Si el domicilio se encuentra cerca de la zona afectada por el corte:<\/p>\n\n\n\n<p>\u2022 Hacer uso sumamente responsable y solidario del agua potable.<\/p>\n\n\n\n<p>\u2022 Regular la intensidad del caudal de agua en las canillas.<\/p>\n\n\n\n<p>\u2022 Eviatar el uso de lavarropas autom\u00e1ticos, lavavajillas y el riego de jardines.<\/p>\n\n\n\n<p>\u2022 Recordar que el lavado de veredas y veh\u00edculos con manguera o el uso de hidrolavadora est\u00e1 prohibido las 24 hs los 365 d\u00edas del a\u00f1o.<\/p>\n\n\n\n<p>\u2022 Controlar las goteras en canillas y p\u00e9rdidas en inodoros.<\/p>\n\n\n\n<h2 class=\"wp-block-heading\" id=\"h-los-trabajos\">Los trabajos<\/h2>\n\n\n\n<p>Los trabajos de corte del acueducto e instalaci\u00f3n del caudal\u00edmetro comenzar\u00e1n a las 4.<\/p>\n\n\n\n<p><em>\u201cEl s\u00e1bado 25 de mayo se realizar\u00e1 el operativo para colocar el caudal\u00edmetro electromagn\u00e9tico en el acueducto de hormig\u00f3n armado de 1.100 mil\u00edmetros de di\u00e1metro en la\u00a0<mark>Plaza Cioppo, en calles Chile y Viamonte de Luj\u00e1n de Cuyo<\/mark>\u201d,<\/em>\u00a0anunci\u00f3\u00a0<strong>Aysam\u00a0<\/strong>a trav\u00e9s de un comunicado.\u00a0<em>\u201cEl d\u00eda ha sido especialmente planificado para evitar inconvenientes durante el dictado de clases\u201d<\/em>, explic\u00f3.<\/p>\n\n\n\n<p><strong>Fuente: www.elsol.com.ar<\/strong><\/p>\n","protected":false},"excerpt":{"rendered":"<p>Aguas Mendocinas (Aysam)\u00a0ofreci\u00f3 una serie de recomendaciones por el masivo corte de agua potable\u00a0que afectar\u00e1 al Gran Mendoza este s\u00e1bado. La empresa colocar\u00e1 un caudal\u00edmetro electromagn\u00e9tico en Luj\u00e1n de Cuyo, provocando la interrupci\u00f3n del servicio durante toda la jornada en las siguientes localidades: Recomendaciones Durante el corte de servicio, Aysam recomend\u00f3 una serie de acciones [&hellip;]<\/p>\n","protected":false},"author":2,"featured_media":7794,"comment_status":"open","ping_status":"open","sticky":false,"template":"","format":"standard","meta":[],"categories":[50],"tags":[],"_links":{"self":[{"href":"https:\/\/pasaenmendoza.com\/index.php?rest_route=\/wp\/v2\/posts\/7793"}],"collection":[{"href":"https:\/\/pasaenmendoza.com\/index.php?rest_route=\/wp\/v2\/posts"}],"about":[{"href":"https:\/\/pasaenmendoza.com\/index.php?rest_route=\/wp\/v2\/types\/post"}],"author":[{"embeddable":true,"href":"https:\/\/pasaenmendoza.com\/index.php?rest_route=\/wp\/v2\/users\/2"}],"replies":[{"embeddable":true,"href":"https:\/\/pasaenmendoza.com\/index.php?rest_route=%2Fwp%2Fv2%2Fcomments&post=7793"}],"version-history":[{"count":1,"href":"https:\/\/pasaenmendoza.com\/index.php?rest_route=\/wp\/v2\/posts\/7793\/revisions"}],"predecessor-version":[{"id":7795,"href":"https:\/\/pasaenmendoza.com\/index.php?rest_route=\/wp\/v2\/posts\/7793\/revisions\/7795"}],"wp:featuredmedia":[{"embeddable":true,"href":"https:\/\/pasaenmendoza.com\/index.php?rest_route=\/wp\/v2\/media\/7794"}],"wp:attachment":[{"href":"https:\/\/pasaenmendoza.com\/index.php?rest_route=%2Fwp%2Fv2%2Fmedia&parent=7793"}],"wp:term":[{"taxonomy":"category","embeddable":true,"href":"https:\/\/pasaenmendoza.com\/index.php?rest_route=%2Fwp%2Fv2%2Fcategories&post=7793"},{"taxonomy":"post_tag","embeddable":true,"href":"https:\/\/pasaenmendoza.com\/index.php?rest_route=%2Fwp%2Fv2%2Ftags&post=7793"}],"curies":[{"name":"wp","href":"https:\/\/api.w.org\/{rel}","templated":true}]}}