{"id":7799,"date":"2024-05-27T15:54:14","date_gmt":"2024-05-27T13:54:14","guid":{"rendered":"https:\/\/pasaenmendoza.com\/?p=7799"},"modified":"2024-05-27T15:54:15","modified_gmt":"2024-05-27T13:54:15","slug":"lunes-con-neblina-frio-y-cielo-cubierto-pero-sin-lluvias","status":"publish","type":"post","link":"https:\/\/pasaenmendoza.com\/?p=7799","title":{"rendered":"Lunes con neblina, fr\u00edo y cielo cubierto, pero sin lluvias"},"content":{"rendered":"\n<p><strong>Este lunes sigue el fr\u00edo y el cielo cubierto, pero comienza a subir la temperatura y ya no hay previsiones de lluvias.&nbsp;<\/strong><\/p>\n\n\n\n<p>Seg\u00fan el&nbsp;<strong>SMN<\/strong>, en la Ciudad de Mendoza la m\u00e1xima llegar\u00e1 hoy a los<strong>&nbsp;10\u00b0&nbsp;<\/strong>y, aunque la humedad relativa del ambiente est\u00e1 a primera hora de la ma\u00f1ana en 98%, no se esperan lluvias.<\/p>\n\n\n\n<p>Debido a la alta humedad hay neblina en varios departamentos. El&nbsp;<strong>viento sopla levemente del norte.&nbsp;<\/strong><\/p>\n\n\n\n<p>Para ma\u00f1ana martes, se espera leve ascenso de temperatura, una\u00a0<strong>m\u00e1xima de 12\u00b0<\/strong>\u00a0para la Ciudad y cielo mayormente nublado, sin precipitaciones.\u00a0<\/p>\n\n\n\n<p><strong>Fuente: www.mendozapost.com<\/strong><\/p>\n","protected":false},"excerpt":{"rendered":"<p>Este lunes sigue el fr\u00edo y el cielo cubierto, pero comienza a subir la temperatura y ya no hay previsiones de lluvias.&nbsp; Seg\u00fan el&nbsp;SMN, en la Ciudad de Mendoza la m\u00e1xima llegar\u00e1 hoy a los&nbsp;10\u00b0&nbsp;y, aunque la humedad relativa del ambiente est\u00e1 a primera hora de la ma\u00f1ana en 98%, no se esperan lluvias. Debido [&hellip;]<\/p>\n","protected":false},"author":2,"featured_media":7800,"comment_status":"open","ping_status":"open","sticky":false,"template":"","format":"standard","meta":[],"categories":[52],"tags":[],"_links":{"self":[{"href":"https:\/\/pasaenmendoza.com\/index.php?rest_route=\/wp\/v2\/posts\/7799"}],"collection":[{"href":"https:\/\/pasaenmendoza.com\/index.php?rest_route=\/wp\/v2\/posts"}],"about":[{"href":"https:\/\/pasaenmendoza.com\/index.php?rest_route=\/wp\/v2\/types\/post"}],"author":[{"embeddable":true,"href":"https:\/\/pasaenmendoza.com\/index.php?rest_route=\/wp\/v2\/users\/2"}],"replies":[{"embeddable":true,"href":"https:\/\/pasaenmendoza.com\/index.php?rest_route=%2Fwp%2Fv2%2Fcomments&post=7799"}],"version-history":[{"count":1,"href":"https:\/\/pasaenmendoza.com\/index.php?rest_route=\/wp\/v2\/posts\/7799\/revisions"}],"predecessor-version":[{"id":7801,"href":"https:\/\/pasaenmendoza.com\/index.php?rest_route=\/wp\/v2\/posts\/7799\/revisions\/7801"}],"wp:featuredmedia":[{"embeddable":true,"href":"https:\/\/pasaenmendoza.com\/index.php?rest_route=\/wp\/v2\/media\/7800"}],"wp:attachment":[{"href":"https:\/\/pasaenmendoza.com\/index.php?rest_route=%2Fwp%2Fv2%2Fmedia&parent=7799"}],"wp:term":[{"taxonomy":"category","embeddable":true,"href":"https:\/\/pasaenmendoza.com\/index.php?rest_route=%2Fwp%2Fv2%2Fcategories&post=7799"},{"taxonomy":"post_tag","embeddable":true,"href":"https:\/\/pasaenmendoza.com\/index.php?rest_route=%2Fwp%2Fv2%2Ftags&post=7799"}],"curies":[{"name":"wp","href":"https:\/\/api.w.org\/{rel}","templated":true}]}}