{"id":7802,"date":"2024-05-27T16:01:30","date_gmt":"2024-05-27T14:01:30","guid":{"rendered":"https:\/\/pasaenmendoza.com\/?p=7802"},"modified":"2024-05-27T16:06:47","modified_gmt":"2024-05-27T14:06:47","slug":"cinco-anos-de-prision-para-un-mendocino-que-golpeo-y-secuestro-a-su-pareja","status":"publish","type":"post","link":"https:\/\/pasaenmendoza.com\/?p=7802","title":{"rendered":"Cinco a\u00f1os de prisi\u00f3n para un mendocino que golpe\u00f3 y secuestr\u00f3 a su pareja"},"content":{"rendered":"\n<p>Un&nbsp;<strong>mendocino fue condenado a cinco a\u00f1os de prisi\u00f3n<\/strong>&nbsp;efectiva en R\u00edo Negro por diversos hechos de violencia de g\u00e9nero contra su ex pareja, robo y por haberse fugado de la Justicia.<\/p>\n\n\n\n<p>Seg\u00fan inform\u00f3 el portal local&nbsp;Noticias Net, el hombre hab\u00eda cometido dos hechos en 2022 y luego se fug\u00f3 durante meses, sin embargo volvi\u00f3 a agredir a su pareja, lograron capturarlo.<\/p>\n\n\n\n<p>Mediante intervenciones telef\u00f3nicas y allanamientos detectaron que se encontraba en la provincia de Mendoza y fue all\u00ed donde lo aprehendieron.<\/p>\n\n\n\n<p>Con una medida de restricci\u00f3n de acercamiento, se acerc\u00f3 a su ex pareja, luego agredi\u00f3 a su pareja de ese momento y la priv\u00f3 de su libertad junto al hijo de ella (5 a\u00f1os); a la mujer la golp\u00e9o y se dio a la fuga.<\/p>\n\n\n\n<p>Finalmente, en febrero de este a\u00f1o rob\u00f3 una billetera de la barra de una confiter\u00eda de Viedma y realiz\u00f3 unos gastos con la tarjeta. D\u00edas m\u00e1s tarde volvi\u00f3 a acercarse a la casa de su ex y fue all\u00ed donde lo capturaron definitivamente y le dictaron prisi\u00f3n preventiva.<\/p>\n\n\n\n<p>&#8220;Desobediencia a la autoridad, lesiones leves agravadas por el v\u00ednculo y por mediar violencia de g\u00e9nero y privaci\u00f3n ileg\u00edtima de la libertad agravada, hurto y defraudaci\u00f3n&#8221;, fueron los delitos que le valieron la pena de cinco a\u00f1os.<\/p>\n\n\n\n<p>El mendocino admiti\u00f3 todos los hechos y en un juicio abreviado y recibi\u00f3 la pena.<\/p>\n\n\n\n<p><strong>Fuente: www.mendozapost.com<\/strong><\/p>\n","protected":false},"excerpt":{"rendered":"<p>Un&nbsp;mendocino fue condenado a cinco a\u00f1os de prisi\u00f3n&nbsp;efectiva en R\u00edo Negro por diversos hechos de violencia de g\u00e9nero contra su ex pareja, robo y por haberse fugado de la Justicia. Seg\u00fan inform\u00f3 el portal local&nbsp;Noticias Net, el hombre hab\u00eda cometido dos hechos en 2022 y luego se fug\u00f3 durante meses, sin embargo volvi\u00f3 a agredir [&hellip;]<\/p>\n","protected":false},"author":2,"featured_media":7803,"comment_status":"open","ping_status":"open","sticky":false,"template":"","format":"standard","meta":[],"categories":[48],"tags":[],"_links":{"self":[{"href":"https:\/\/pasaenmendoza.com\/index.php?rest_route=\/wp\/v2\/posts\/7802"}],"collection":[{"href":"https:\/\/pasaenmendoza.com\/index.php?rest_route=\/wp\/v2\/posts"}],"about":[{"href":"https:\/\/pasaenmendoza.com\/index.php?rest_route=\/wp\/v2\/types\/post"}],"author":[{"embeddable":true,"href":"https:\/\/pasaenmendoza.com\/index.php?rest_route=\/wp\/v2\/users\/2"}],"replies":[{"embeddable":true,"href":"https:\/\/pasaenmendoza.com\/index.php?rest_route=%2Fwp%2Fv2%2Fcomments&post=7802"}],"version-history":[{"count":2,"href":"https:\/\/pasaenmendoza.com\/index.php?rest_route=\/wp\/v2\/posts\/7802\/revisions"}],"predecessor-version":[{"id":7808,"href":"https:\/\/pasaenmendoza.com\/index.php?rest_route=\/wp\/v2\/posts\/7802\/revisions\/7808"}],"wp:featuredmedia":[{"embeddable":true,"href":"https:\/\/pasaenmendoza.com\/index.php?rest_route=\/wp\/v2\/media\/7803"}],"wp:attachment":[{"href":"https:\/\/pasaenmendoza.com\/index.php?rest_route=%2Fwp%2Fv2%2Fmedia&parent=7802"}],"wp:term":[{"taxonomy":"category","embeddable":true,"href":"https:\/\/pasaenmendoza.com\/index.php?rest_route=%2Fwp%2Fv2%2Fcategories&post=7802"},{"taxonomy":"post_tag","embeddable":true,"href":"https:\/\/pasaenmendoza.com\/index.php?rest_route=%2Fwp%2Fv2%2Ftags&post=7802"}],"curies":[{"name":"wp","href":"https:\/\/api.w.org\/{rel}","templated":true}]}}