{"id":7805,"date":"2024-05-27T16:06:04","date_gmt":"2024-05-27T14:06:04","guid":{"rendered":"https:\/\/pasaenmendoza.com\/?p=7805"},"modified":"2024-05-27T16:06:06","modified_gmt":"2024-05-27T14:06:06","slug":"un-motociclista-choco-un-auto-en-las-heras-y-esta-muy-grave","status":"publish","type":"post","link":"https:\/\/pasaenmendoza.com\/?p=7805","title":{"rendered":"Un motociclista choc\u00f3 un auto en Las Heras y est\u00e1 muy grave"},"content":{"rendered":"\n<p>\u00a0Un joven de 23 a\u00f1os que circulaba a alta velocidad impact\u00f3 contra un auto este domingo por la tarde y qued\u00f3 internado en grave estado en el Hospital Central. El sujeto iba en\u00a0<strong>moto<\/strong>\u00a0y\u00a0<strong>choc\u00f3<\/strong>\u00a0de costado al rodado mayor, terminando en el asfalto. El hecho ocurri\u00f3 en\u00a0<strong>Las Heras<\/strong>.<\/p>\n\n\n\n<p>El\u00a0<strong>motociclista<\/strong>\u00a0iba por calle Per\u00fa en direcci\u00f3n norte, a alta velocidad, seg\u00fan informaron fuentes policiales. A las 19.20, al llegar a la intersecci\u00f3n con calle Bombal, impact\u00f3 de costado a un Peugeot 307.\u00a0<\/p>\n\n\n\n<p>El joven, que iba sobre una\u00a0<strong>moto<\/strong>\u00a0Kawasaki Ninja 400, se llev\u00f3 lo peor del\u00a0<strong>accidente<\/strong>. Qued\u00f3 tendido en el asfalto con p\u00e9rdida de conocimiento. El auto era conducido por una mujer de 47 a\u00f1os que result\u00f3 ilesa.<\/p>\n\n\n\n<p>La ambulancia asisti\u00f3 al conductor de la&nbsp;<strong>moto<\/strong>&nbsp;y lo diagnostic\u00f3 con traumatismo encefalocraneano (TEC) grave y&nbsp; politraumatismos graves. Debido a la seriedad de las heridas, el motociclista fue trasladado al Hospital Central y qued\u00f3 en terapia intensiva.<\/p>\n\n\n\n<p>Interviene en la investigaci\u00f3n la Oficina Fiscal N\u00b05.<\/p>\n\n\n\n<p><strong>Fuente: www.mendozapost.com<\/strong><\/p>\n","protected":false},"excerpt":{"rendered":"<p>\u00a0Un joven de 23 a\u00f1os que circulaba a alta velocidad impact\u00f3 contra un auto este domingo por la tarde y qued\u00f3 internado en grave estado en el Hospital Central. El sujeto iba en\u00a0moto\u00a0y\u00a0choc\u00f3\u00a0de costado al rodado mayor, terminando en el asfalto. El hecho ocurri\u00f3 en\u00a0Las Heras. El\u00a0motociclista\u00a0iba por calle Per\u00fa en direcci\u00f3n norte, a alta [&hellip;]<\/p>\n","protected":false},"author":2,"featured_media":7806,"comment_status":"open","ping_status":"open","sticky":false,"template":"","format":"standard","meta":[],"categories":[48],"tags":[],"_links":{"self":[{"href":"https:\/\/pasaenmendoza.com\/index.php?rest_route=\/wp\/v2\/posts\/7805"}],"collection":[{"href":"https:\/\/pasaenmendoza.com\/index.php?rest_route=\/wp\/v2\/posts"}],"about":[{"href":"https:\/\/pasaenmendoza.com\/index.php?rest_route=\/wp\/v2\/types\/post"}],"author":[{"embeddable":true,"href":"https:\/\/pasaenmendoza.com\/index.php?rest_route=\/wp\/v2\/users\/2"}],"replies":[{"embeddable":true,"href":"https:\/\/pasaenmendoza.com\/index.php?rest_route=%2Fwp%2Fv2%2Fcomments&post=7805"}],"version-history":[{"count":1,"href":"https:\/\/pasaenmendoza.com\/index.php?rest_route=\/wp\/v2\/posts\/7805\/revisions"}],"predecessor-version":[{"id":7807,"href":"https:\/\/pasaenmendoza.com\/index.php?rest_route=\/wp\/v2\/posts\/7805\/revisions\/7807"}],"wp:featuredmedia":[{"embeddable":true,"href":"https:\/\/pasaenmendoza.com\/index.php?rest_route=\/wp\/v2\/media\/7806"}],"wp:attachment":[{"href":"https:\/\/pasaenmendoza.com\/index.php?rest_route=%2Fwp%2Fv2%2Fmedia&parent=7805"}],"wp:term":[{"taxonomy":"category","embeddable":true,"href":"https:\/\/pasaenmendoza.com\/index.php?rest_route=%2Fwp%2Fv2%2Fcategories&post=7805"},{"taxonomy":"post_tag","embeddable":true,"href":"https:\/\/pasaenmendoza.com\/index.php?rest_route=%2Fwp%2Fv2%2Ftags&post=7805"}],"curies":[{"name":"wp","href":"https:\/\/api.w.org\/{rel}","templated":true}]}}