{"id":7822,"date":"2024-05-28T00:29:24","date_gmt":"2024-05-27T22:29:24","guid":{"rendered":"https:\/\/pasaenmendoza.com\/?p=7822"},"modified":"2024-05-28T00:29:25","modified_gmt":"2024-05-27T22:29:25","slug":"horario-corrido-en-el-centro-empleados-de-comercio-piden-respetar-la-ley","status":"publish","type":"post","link":"https:\/\/pasaenmendoza.com\/?p=7822","title":{"rendered":"Horario corrido en el Centro: empleados de comercio piden respetar la ley"},"content":{"rendered":"\n<p>\u00a0El pasado fin de semana, el intendente de la Ciudad de Mendoza volvi\u00f3 a reimpulsar el<strong>\u00a0horario corrido en los negocios del centro<\/strong>\u00a0argumentando, entre otras cosas, que es &#8220;la din\u00e1mica de funcionamiento\u00a0 que tienen las grandes capitales del mundo y que\u00a0por ello Mendoza tiene que estar a la altura&#8221;.<\/p>\n\n\n\n<p>Seg\u00fan la comuna, &#8220;para los empleados, el mayor beneficio del horario corrido es tener una mejor conciliaci\u00f3n entre trabajo y vida personal, debido a que permite optimizar el tiempo, al eliminar tiempos muertos y costos de traslado adicionales&#8221;. Y agreg\u00f3 que &#8220;se est\u00e1 trabajando con el&nbsp;<strong>sector privado&nbsp;<\/strong>en un proyecto que busca incorporar&nbsp;<strong>incentivos&nbsp;<\/strong>como&nbsp;<strong>promociones<\/strong>,&nbsp;<strong>descuentos&nbsp;<\/strong>y cuotas a las compras que se realicen en la&nbsp;<strong>franja horaria&nbsp;<\/strong>comprendida entre las&nbsp;<strong>14 y las 17 horas&#8221;<\/strong>.&nbsp;<\/p>\n\n\n\n<p>El titular del\u00a0<strong>Centro Empleados de Comercio (CEC)<\/strong>,\u00a0<strong>Fernando Ligorria<\/strong>\u00a0dijo\u00a0que &#8220;con todo lo que est\u00e9 en beneficio del trabajador siempre vamos a estar de acuerdo. Entendemos que ac\u00e1 hay tres posiciones marcadas que benefician al empleado de comercio, como es el ahorro de transporte;\u00a0 el tiempo libre que tiene para sus tareas personales, y entendemos tambi\u00e9n que lo de la municipalidad de Capital , es un llamamiento a tratar de ordenar&#8221;.<\/p>\n\n\n\n<p>&#8220;Si&nbsp;bien, como dec\u00eda el intendente,&nbsp; ya no es una tema cultural y coincidimos un poco con eso, lo que tenemos que ver en el fondo es si realmente hay cumplimiento de lo que marca la legislaci\u00f3n.&nbsp; Porque una cosa es el horario corrido hasta las 18 horas&nbsp; y otra cosa es el horario extendido que muchas de las c\u00e1maras lo proponen, como si fuera un centro comercial. Pero lo que<strong>&nbsp;hay que evaluar son las&nbsp; situaciones y condiciones que tienen los trabajadores;&nbsp;<\/strong>&nbsp;si le van a respetar los horarios que tienen;&nbsp; si esto le cambia su vida social o su vida organizada;&nbsp; si van a hacer turnos y va a trabajar unos de ma\u00f1ana otros de tarde;&nbsp; es decir, hay muchas muchas cosas que revisar&#8221;.&nbsp;&nbsp;<\/p>\n\n\n\n<p>&nbsp;Adem\u00e1s, remarc\u00f3: &#8220;por supuesto,&nbsp;<strong>en la medida en que los empresarios est\u00e9n de acuerdo en hacer un horario corrido y que respeten la normativa legal, nosotros no tenemos oposici\u00f3n<\/strong>&#8220;. Pero aclar\u00f3:&nbsp; &#8220;esto no puede ser una imposici\u00f3n, porque hay que entender que el empleado&nbsp; gener\u00f3 los derechos durante este tiempo. Y esos derechos son justamente su carga horaria, a qu\u00e9 hora entra y a qu\u00e9 hora sale y la cantidad de horas que trabaja&#8221;.&nbsp; &nbsp;<\/p>\n\n\n\n<p>La postura de los comerciantes<\/p>\n\n\n\n<p>Por su parte,<strong>&nbsp;Adri\u00e1n Al\u00edn<\/strong>, de la C\u00e1mara Empresaria, Comercio, Industria, Turismo y Servicios (C.E.C.I.TyS) de la Ciudad de Mendoza manifest\u00f3 a nuestro diario la satisfacci\u00f3n por la postura de la Capital y record\u00f3 que &#8220;en definitiva est\u00e1 apoyando lo que nosotros venimos pregonando desde hace muchos a\u00f1os&#8221;.<\/p>\n\n\n\n<p>&#8220;Desde hace m\u00e1s de 20 a\u00f1os que venimos poniendo en valor el tema del horario corrido. Recuerden que en su momento, avanzamos&nbsp; en trabajar los d\u00edas s\u00e1bados cuando llegaron los hipermercados y los shoppings&nbsp; y nosotros ten\u00edamos cerrados nuestros negocios. Se logr\u00f3 instalar hace 20 a\u00f1os lo del d\u00eda s\u00e1bado, pero no as\u00ed el horario corrido&#8221;.&nbsp;<\/p>\n\n\n\n<p>De todos modos, Al\u00edn destac\u00f3 que &#8220;pos pandemia, muchos locales siguieron potenciando este tipo de atenci\u00f3n al p\u00fablico. Es un cambio cultural, otra din\u00e1mica.\u00a0<strong>\u00a0Mendoza ya tendr\u00eda que tener este horario porque es una ciudad tur\u00edstica<\/strong>. El turista anda todo el d\u00eda y las modalidades de compra tambi\u00e9n cambiaron. Tenemos que adaptarnos y ser m\u00e1s competitivos; tenemos todo el formato que nos permite hacer el horario corrido, solo hay que adaptar las estructuras&#8221;.<\/p>\n\n\n\n<p><strong>Fuente: www.mendozapost.com<\/strong><\/p>\n","protected":false},"excerpt":{"rendered":"<p>\u00a0El pasado fin de semana, el intendente de la Ciudad de Mendoza volvi\u00f3 a reimpulsar el\u00a0horario corrido en los negocios del centro\u00a0argumentando, entre otras cosas, que es &#8220;la din\u00e1mica de funcionamiento\u00a0 que tienen las grandes capitales del mundo y que\u00a0por ello Mendoza tiene que estar a la altura&#8221;. Seg\u00fan la comuna, &#8220;para los empleados, el [&hellip;]<\/p>\n","protected":false},"author":2,"featured_media":7823,"comment_status":"open","ping_status":"open","sticky":false,"template":"","format":"standard","meta":[],"categories":[50],"tags":[],"_links":{"self":[{"href":"https:\/\/pasaenmendoza.com\/index.php?rest_route=\/wp\/v2\/posts\/7822"}],"collection":[{"href":"https:\/\/pasaenmendoza.com\/index.php?rest_route=\/wp\/v2\/posts"}],"about":[{"href":"https:\/\/pasaenmendoza.com\/index.php?rest_route=\/wp\/v2\/types\/post"}],"author":[{"embeddable":true,"href":"https:\/\/pasaenmendoza.com\/index.php?rest_route=\/wp\/v2\/users\/2"}],"replies":[{"embeddable":true,"href":"https:\/\/pasaenmendoza.com\/index.php?rest_route=%2Fwp%2Fv2%2Fcomments&post=7822"}],"version-history":[{"count":1,"href":"https:\/\/pasaenmendoza.com\/index.php?rest_route=\/wp\/v2\/posts\/7822\/revisions"}],"predecessor-version":[{"id":7824,"href":"https:\/\/pasaenmendoza.com\/index.php?rest_route=\/wp\/v2\/posts\/7822\/revisions\/7824"}],"wp:featuredmedia":[{"embeddable":true,"href":"https:\/\/pasaenmendoza.com\/index.php?rest_route=\/wp\/v2\/media\/7823"}],"wp:attachment":[{"href":"https:\/\/pasaenmendoza.com\/index.php?rest_route=%2Fwp%2Fv2%2Fmedia&parent=7822"}],"wp:term":[{"taxonomy":"category","embeddable":true,"href":"https:\/\/pasaenmendoza.com\/index.php?rest_route=%2Fwp%2Fv2%2Fcategories&post=7822"},{"taxonomy":"post_tag","embeddable":true,"href":"https:\/\/pasaenmendoza.com\/index.php?rest_route=%2Fwp%2Fv2%2Ftags&post=7822"}],"curies":[{"name":"wp","href":"https:\/\/api.w.org\/{rel}","templated":true}]}}