{"id":7828,"date":"2024-05-28T14:48:20","date_gmt":"2024-05-28T12:48:20","guid":{"rendered":"https:\/\/pasaenmendoza.com\/?p=7828"},"modified":"2024-05-28T14:48:22","modified_gmt":"2024-05-28T12:48:22","slug":"sospechas-detras-de-una-licitacion-rara-y-el-alegato-del-intendente","status":"publish","type":"post","link":"https:\/\/pasaenmendoza.com\/?p=7828","title":{"rendered":"Sospechas detr\u00e1s de una licitaci\u00f3n rara, y el alegato del intendente"},"content":{"rendered":"\n<p>Entre las miles de licitaciones que se han lanzado este a\u00f1o en diferentes estamentos de la administraci\u00f3n p\u00fablica, particularmente una se destaca del resto: un proceso lanzado por la\u00a0<strong>Municipalidad de General Alvear\u00a0<\/strong>para comprar\u00a0<strong>tres camionetas<\/strong>\u00a0que, a diferencia de todos los veh\u00edculos que compra el Estado, deb\u00edan ser\u00a0<strong>usadas<\/strong>. A partir de esto y de cuestiones espec\u00edficas del pliego, surge un dato central: se tratar\u00eda de un\u00a0<strong>proceso direccionado<\/strong>, aunque el intendente\u00a0Alejandro Molero\u00a0dio una justificaci\u00f3n sobre lo actuado<\/p>\n\n\n\n<p>No hay en los registros oficiales de la \u00faltima d\u00e9cada ning\u00fan<strong>\u00a0proceso licitatorio de veh\u00edculos usados<\/strong>; en cada uno de ellos, se explicita o se infiere que deber\u00e1n ser unidades cero kil\u00f3metro. Por lo tanto, la compra que pretend\u00eda realizar por casi\u00a0<strong>$60 millones\u00a0<\/strong>el municipio que dirige el intendente radical\u00a0Molero, expresidente del ISCAMEN, es in\u00e9dita para la historia reciente de Mendoza.<\/p>\n\n\n\n<p>Dice el pliego de licitaci\u00f3n, cuya apertura de sobres tuvo lugar\u00a0<strong>ayer lunes 27 de mayo<\/strong>: &#8220;Compra de\u00a0<strong>3 camionetas usadas<\/strong>&#8220;, por un presupuesto oficial de\u00a0<strong>$58.500.000<\/strong>. Es decir que se pagar\u00eda por cada camioneta usada un m\u00ednimo cercano a\u00a0<strong>$20 millones.<\/strong><\/p>\n\n\n\n<p>Espec\u00edficamente, llama la atenci\u00f3n que en el pliego haya\u00a0<strong>requisitos diferentes para cada una de las camionetas<\/strong>, como si la<strong>\u00a0compra estuviese direccionada<\/strong>.\u00a0<strong>Una<\/strong>\u00a0de las pickup deb\u00eda ser modelo\u00a0<strong>2017<\/strong>\u00a0con un m\u00e1ximo de<strong>\u00a0160.000 kil\u00f3metros<\/strong>,\u00a0<strong>otra<\/strong>\u00a0deb\u00eda ser modelo\u00a0<strong>2018<\/strong>\u00a0con no m\u00e1s de<strong>\u00a0120.000 kil\u00f3metros<\/strong>, y la\u00a0<strong>tercera<\/strong>, modelo\u00a0<strong>2017<\/strong>\u00a0con un m\u00e1ximo de\u00a0<strong>150.000 kil\u00f3metros<\/strong>, entre otras caracter\u00edsticas que deb\u00edan cumplir, como equipamiento y cilindrada de motor, que en los tres casos deb\u00eda ser 2.4 cc, &#8220;impulsor&#8221; que tienen las Toyota Hilux. Otro dato llamativo es que una de las camionetas deb\u00eda ser &#8220;tracci\u00f3n 4&#215;4 reducida accionamiento manual&#8221;.<\/p>\n\n\n\n<p>\u00bfUna compra directa enmascarada?<\/p>\n\n\n\n<p>Seg\u00fan se reconstruy\u00f3 de fuentes extraoficiales de General Alvear, ser\u00eda una\u00a0<strong>licitaci\u00f3n direccionada<\/strong>, o una &#8220;<strong>compra directa encubierta<\/strong>&#8220;, de camionetas usadas propiedad de una empresa petrolera. &#8220;<strong>Hay un empresario de servicios petroleros de Alvear que les vender\u00eda las camionetas usadas a la municipalidad<\/strong>&#8220;, explicaron a este diario. Bajo esta hip\u00f3tesis,<strong>\u00a0el intermediario en cuesti\u00f3n le ofrecer\u00eda determinadas camionetas a la comuna y la comuna armar\u00eda los pliegos licitatorios en base a esos veh\u00edculos<\/strong>: de all\u00ed se explicar\u00eda que haya caracter\u00edsticas tan detalladas entre los requisitos de modelo, motor, kilometraje y equipamiento.<\/p>\n\n\n\n<p>Consultado el intendente\u00a0<strong>Molero<\/strong>\u00a0admiti\u00f3<strong>\u00a0la existencia de un empresario petrolero<\/strong>\u00a0cercano a la gesti\u00f3n,\u00a0oriundo de General Alvear, que &#8220;nos don\u00f3 una camioneta y\u00a0<strong>nos cont\u00f3 que en el sur pod\u00edamos conseguir camionetas usadas\u00a0<\/strong>de empresas\u00a0<strong>petroleras<\/strong>\u00a0que las ponen a la venta&#8221;. &#8220;Entonces, fuimos a recorrer algunas empresas del sur, de Neuqu\u00e9n, y anotamos algunos modelos&#8221;, continu\u00f3.\u00a0 \u00a0<\/p>\n\n\n\n<p>Bajo la versi\u00f3n de Molero, en ese recorrido habr\u00edan recabado informaci\u00f3n de las camionetas de las petroleras que ser\u00edan m\u00e1s \u00fatiles para la Secretar\u00eda de Obras y Servicios P\u00fablicos de Alvear y, en base a ello, habr\u00edan armado el pliego de licitaci\u00f3n. &#8220;Por ejemplo, pusimos motor 2.4 porque vimos que las que mejor andar\u00edan ser\u00edan las Toyota Hilux&#8221;, indic\u00f3. Pero al ser consultado sobre\u00a0<strong>por qu\u00e9 hab\u00eda otros requisitos tan espec\u00edficos &#8211;<\/strong>incluso diferencias de kilometraje entre los tres veh\u00edculos a comprar, a\u00f1o de fabricaci\u00f3n, artefactos, etc.-\u00a0<strong>dijo desconocer el motivo<\/strong>\u00a0y que se encargar\u00eda de recabar la informaci\u00f3n con el funcionario correspondiente.<\/p>\n\n\n\n<p>La otra versi\u00f3n a la que accedi\u00f3 este diario de manera extraoficial indicaba que<strong>&nbsp;las condiciones del pliego de licitaci\u00f3n eran una especie de &#8220;ficha t\u00e9cnica&#8221; de tres camionetas<\/strong>&nbsp;que esta&nbsp;<strong>empresa petrolera<\/strong>, propiedad de una familia oriunda de General Alvear, que &#8220;ya las ten\u00eda vendidas&#8221; a la comuna, algo que -al menos por ahora-&nbsp;<strong>no ocurrir\u00e1.<\/strong><\/p>\n\n\n\n<p>Al respecto, la Municipalidad de General Alvear fue consultada por este diario ayer, lunes 27 de mayo, fecha en la que se llevar\u00eda a cabo la apertura de sobres de esta licitaci\u00f3n at\u00edpica. Hacia el final de la jornada,<strong>&nbsp;informaron que hab\u00eda quedado desierta por falta de oferentes.<\/strong>&nbsp;&#8220;Evidentemente ni a este empresario ni al resto de las empresas petroleras les interesa vender sus camionetas al Estado por la burocracia que eso implica&#8221;, fue la respuesta oficial.<\/p>\n\n\n\n<p>La austeridad como argumento de Molero<\/p>\n\n\n\n<p>M\u00e1s all\u00e1 de las sospechas sobre esta at\u00edpica licitaci\u00f3n de veh\u00edculos usados,<strong>\u00a0el jefe comunal justific\u00f3<\/strong>\u00a0este proceso porque &#8220;con la compra de camionetas usadas que las petroleras sacan a remate o venden a un precio menor que el de mercado,\u00a0<strong>la municipalidad conseguir\u00eda este tipo de veh\u00edculos a un 30% o 35% menos que el precio promedio<\/strong>&#8220;.<\/p>\n\n\n\n<p>Sin embargo, autom\u00e1ticamente\u00a0<strong>se eliminar\u00eda la posibilidad de competencia, que es el esp\u00edritu de un proceso de licitaci\u00f3n<\/strong>. Asimismo, al comprar camionetas con decenas de miles de kil\u00f3metros,\u00a0<strong>es incierto el costo de mantenimiento que representar\u00e1n para la comuna<\/strong>, raz\u00f3n por la que ninguna municipalidad licita autos ni camionetas usadas.<\/p>\n\n\n\n<p>FUENTE: Mendozapost.<\/p>\n","protected":false},"excerpt":{"rendered":"<p>Entre las miles de licitaciones que se han lanzado este a\u00f1o en diferentes estamentos de la administraci\u00f3n p\u00fablica, particularmente una se destaca del resto: un proceso lanzado por la\u00a0Municipalidad de General Alvear\u00a0para comprar\u00a0tres camionetas\u00a0que, a diferencia de todos los veh\u00edculos que compra el Estado, deb\u00edan ser\u00a0usadas. A partir de esto y de cuestiones espec\u00edficas del [&hellip;]<\/p>\n","protected":false},"author":2,"featured_media":7829,"comment_status":"open","ping_status":"open","sticky":true,"template":"","format":"standard","meta":[],"categories":[47],"tags":[],"_links":{"self":[{"href":"https:\/\/pasaenmendoza.com\/index.php?rest_route=\/wp\/v2\/posts\/7828"}],"collection":[{"href":"https:\/\/pasaenmendoza.com\/index.php?rest_route=\/wp\/v2\/posts"}],"about":[{"href":"https:\/\/pasaenmendoza.com\/index.php?rest_route=\/wp\/v2\/types\/post"}],"author":[{"embeddable":true,"href":"https:\/\/pasaenmendoza.com\/index.php?rest_route=\/wp\/v2\/users\/2"}],"replies":[{"embeddable":true,"href":"https:\/\/pasaenmendoza.com\/index.php?rest_route=%2Fwp%2Fv2%2Fcomments&post=7828"}],"version-history":[{"count":1,"href":"https:\/\/pasaenmendoza.com\/index.php?rest_route=\/wp\/v2\/posts\/7828\/revisions"}],"predecessor-version":[{"id":7831,"href":"https:\/\/pasaenmendoza.com\/index.php?rest_route=\/wp\/v2\/posts\/7828\/revisions\/7831"}],"wp:featuredmedia":[{"embeddable":true,"href":"https:\/\/pasaenmendoza.com\/index.php?rest_route=\/wp\/v2\/media\/7829"}],"wp:attachment":[{"href":"https:\/\/pasaenmendoza.com\/index.php?rest_route=%2Fwp%2Fv2%2Fmedia&parent=7828"}],"wp:term":[{"taxonomy":"category","embeddable":true,"href":"https:\/\/pasaenmendoza.com\/index.php?rest_route=%2Fwp%2Fv2%2Fcategories&post=7828"},{"taxonomy":"post_tag","embeddable":true,"href":"https:\/\/pasaenmendoza.com\/index.php?rest_route=%2Fwp%2Fv2%2Ftags&post=7828"}],"curies":[{"name":"wp","href":"https:\/\/api.w.org\/{rel}","templated":true}]}}