{"id":7835,"date":"2024-05-28T15:25:58","date_gmt":"2024-05-28T13:25:58","guid":{"rendered":"https:\/\/pasaenmendoza.com\/?p=7835"},"modified":"2024-05-28T15:25:59","modified_gmt":"2024-05-28T13:25:59","slug":"el-presidente-de-acovi-explico-que-la-baja-del-proviar-ii-perjudicara-a-1-300-productores","status":"publish","type":"post","link":"https:\/\/pasaenmendoza.com\/?p=7835","title":{"rendered":"El presidente de Acovi explic\u00f3 que la baja del PROVIAR II perjudicar\u00e1 a 1.300 productores"},"content":{"rendered":"\n<p><strong>Fabi\u00e1n Ruggeri<\/strong>, presidente de la Asociaci\u00f3n de Cooperativas Vitivin\u00edcolas (Acovi) cont\u00f3 que muchos proyectos estaban listos para ejecutarse<\/p>\n\n\n\n<p>La baja del programa\u00a0<strong>PROVIAR II<\/strong>\u00a0dispuesta por Javier Milei\u00a0peg\u00f3 fuerte en los productores vitivin\u00edcolas de todo el pa\u00eds y, en especial, de Mendoza.<\/p>\n\n\n\n<p><strong>Fabi\u00e1n Ruggeri,<\/strong>&nbsp;presidente de la Asociaci\u00f3n de Cooperativas Vitivin\u00edcolas&nbsp;<strong>(Acovi)&nbsp;<\/strong>explic\u00f3 este lunes que esta decisi\u00f3n del gobierno nacional&nbsp;<strong>afectar\u00e1 a unos 1.300 productores<\/strong>, cuyos proyectos estaban avanzados e incluso aprobados.<\/p>\n\n\n\n<p>La decisi\u00f3n sorprendi\u00f3 porque los fondos de este sistema est\u00e1n compuestos por\u00a0<strong>una gran mayor\u00eda de aportes del BID (Banco Interamericano de Desarrollo)<\/strong>\u00a0y una parte menor por dinero de la Naci\u00f3n.<\/p>\n\n\n\n<h2 class=\"wp-block-heading\">Unos 1.300 productores afectados por la baja del PROVIAR II<\/h2>\n\n\n\n<p>Ruggeri fue entrevistado este lunes en el programa &#8220;No Ten\u00e9s Cara&#8221;, de Radio Nihuil.<\/p>\n\n\n\n<p>El dirigente empresario les cont\u00f3 a Rosana Villegas y a Ricardo Montacuto que&nbsp;<strong>&#8220;todo lo que corresponder\u00eda a cr\u00e9ditos internacionales que se volcaban despu\u00e9s en los ANR (aportes no reintegrables) est\u00e1 suspendido. Por lo tanto el PROVIAR II deber\u00eda quedar sin efecto&#8221;.<\/strong><\/p>\n\n\n\n<p>Ruggeri agreg\u00f3 que &#8220;son 1.300 productores que presentaron sus proyectos y son alrededor de 350 grupos asociativos. Todo esto, por lo que sabemos, no va m\u00e1s.&nbsp;<strong>Muchos de esos proyectos estaban dados de alta, algunos ya estaban formulados o terminados y otros estaban en proceso de formulaci\u00f3n<\/strong>&#8220;.<\/p>\n\n\n\n<p><strong>&#8220;Se hizo un trabajo muy importante tanto para la aprobaci\u00f3n como la para la formulaci\u00f3n de proyectos&#8221;,<\/strong>\u00a0lament\u00f3.<\/p>\n\n\n\n<p>&#8220;\u00bfPor qu\u00e9 se corta si el financiamiento es externo y de los 50 millones de d\u00f3lares que conforman el programa,&nbsp;<strong>40 millones son del BID<\/strong>&nbsp;y 10 de la Naci\u00f3n?&#8221;, fue el interrogante que se la plante\u00f3 al titular de Acovi.<\/p>\n\n\n\n<p>&#8220;La explicaci\u00f3n que se nos dio -dijo- es que&nbsp;<strong>todos los cr\u00e9ditos internacionales que iban a ser destinados a ANR est\u00e1n suspendidos por una cuesti\u00f3n de necesidad del mismo gobierno de la Naci\u00f3n de calzarse con d\u00f3lares<\/strong>&#8220;.<\/p>\n\n\n\n<p>Ruggeri detall\u00f3 que &#8220;el aporte que recib\u00eda el productor era de 20 mil d\u00f3lares, depende del tama\u00f1o del beneficiario. Pero adem\u00e1s, para concretar el proyecto el productor deb\u00eda poner en efectivo&nbsp;<strong>un porcentaje igual al que recib\u00eda y el proyecto se ejecutaba por la totalidad del dinero, que en algunos casos eran 8 mil d\u00f3lares, en otros 10.000 y lo m\u00e1ximo 20 mil d\u00f3lares<\/strong>&#8220;.<\/p>\n\n\n\n<p>El dirigente record\u00f3 que el nuevo titular del Instituto Nacional de Vitivinicultura,\u00a0<strong>Carlos Tizio<\/strong>, dijo en su momento que hab\u00eda destrabado los fondos del PROVIAR II: &#8220;<strong>O no los destrab\u00f3 o hubo un cambio de necesidades. En esa ocasi\u00f3n fue todo una novedad porque estaba a punto de salir, pero&#8230;&#8221;..<\/strong><\/p>\n\n\n\n<p>FUENTE: Diariouno.com.ar <\/p>\n","protected":false},"excerpt":{"rendered":"<p>Fabi\u00e1n Ruggeri, presidente de la Asociaci\u00f3n de Cooperativas Vitivin\u00edcolas (Acovi) cont\u00f3 que muchos proyectos estaban listos para ejecutarse La baja del programa\u00a0PROVIAR II\u00a0dispuesta por Javier Milei\u00a0peg\u00f3 fuerte en los productores vitivin\u00edcolas de todo el pa\u00eds y, en especial, de Mendoza. Fabi\u00e1n Ruggeri,&nbsp;presidente de la Asociaci\u00f3n de Cooperativas Vitivin\u00edcolas&nbsp;(Acovi)&nbsp;explic\u00f3 este lunes que esta decisi\u00f3n del gobierno [&hellip;]<\/p>\n","protected":false},"author":2,"featured_media":7839,"comment_status":"open","ping_status":"open","sticky":true,"template":"","format":"standard","meta":[],"categories":[47],"tags":[],"_links":{"self":[{"href":"https:\/\/pasaenmendoza.com\/index.php?rest_route=\/wp\/v2\/posts\/7835"}],"collection":[{"href":"https:\/\/pasaenmendoza.com\/index.php?rest_route=\/wp\/v2\/posts"}],"about":[{"href":"https:\/\/pasaenmendoza.com\/index.php?rest_route=\/wp\/v2\/types\/post"}],"author":[{"embeddable":true,"href":"https:\/\/pasaenmendoza.com\/index.php?rest_route=\/wp\/v2\/users\/2"}],"replies":[{"embeddable":true,"href":"https:\/\/pasaenmendoza.com\/index.php?rest_route=%2Fwp%2Fv2%2Fcomments&post=7835"}],"version-history":[{"count":1,"href":"https:\/\/pasaenmendoza.com\/index.php?rest_route=\/wp\/v2\/posts\/7835\/revisions"}],"predecessor-version":[{"id":7840,"href":"https:\/\/pasaenmendoza.com\/index.php?rest_route=\/wp\/v2\/posts\/7835\/revisions\/7840"}],"wp:featuredmedia":[{"embeddable":true,"href":"https:\/\/pasaenmendoza.com\/index.php?rest_route=\/wp\/v2\/media\/7839"}],"wp:attachment":[{"href":"https:\/\/pasaenmendoza.com\/index.php?rest_route=%2Fwp%2Fv2%2Fmedia&parent=7835"}],"wp:term":[{"taxonomy":"category","embeddable":true,"href":"https:\/\/pasaenmendoza.com\/index.php?rest_route=%2Fwp%2Fv2%2Fcategories&post=7835"},{"taxonomy":"post_tag","embeddable":true,"href":"https:\/\/pasaenmendoza.com\/index.php?rest_route=%2Fwp%2Fv2%2Ftags&post=7835"}],"curies":[{"name":"wp","href":"https:\/\/api.w.org\/{rel}","templated":true}]}}