{"id":7836,"date":"2024-05-28T15:24:18","date_gmt":"2024-05-28T13:24:18","guid":{"rendered":"https:\/\/pasaenmendoza.com\/?p=7836"},"modified":"2024-05-28T15:24:19","modified_gmt":"2024-05-28T13:24:19","slug":"sigue-el-frio-en-mendoza-pero-empieza-a-subir-la-temperatura","status":"publish","type":"post","link":"https:\/\/pasaenmendoza.com\/?p=7836","title":{"rendered":"Sigue el fr\u00edo en Mendoza, pero empieza a subir la temperatura"},"content":{"rendered":"\n<p>Este&nbsp;<strong>martes 28 de mayo<\/strong>, los mendocinos tendremos que seguir sacando nuestro arsenal de abrigos para combatir el&nbsp;<strong>fr\u00edo<\/strong>. No obstante, ser\u00e1 otra jornada con presencia de&nbsp;<strong>sol<\/strong>&nbsp;absoluto que marcar\u00e1 el&nbsp;<strong>repunte<\/strong>&nbsp;de la&nbsp;<strong>temperatura<\/strong>&nbsp;y, tras una semana llena de&nbsp;<strong>heladas<\/strong>, comenzar\u00e1 a subir conforme pasen los pr\u00f3ximos d\u00edas.<\/p>\n\n\n\n<p>Para esta jornada se espera cielo totalmente&nbsp;<strong>despejado<\/strong>, con una&nbsp;<strong>m\u00ednima<\/strong>&nbsp;de<strong>&nbsp;1\u00b0<\/strong>&nbsp;cent\u00edgrado y una<strong>&nbsp;m\u00e1xima de 13\u00b0<\/strong>. La sensaci\u00f3n t\u00e9rmica para las primeras horas del d\u00eda, previo a la salida del sol, super\u00f3 el grado&nbsp;<strong>bajo cero<\/strong>&nbsp;y las&nbsp;<strong>heladas<\/strong>&nbsp;parciales se hicieron sentir, sobre todo en zonas alejadas al<strong>&nbsp;Gran Mendoza.<\/strong><\/p>\n\n\n\n<p>A eso habr\u00e1 que agregarle la presencia de vientos moderados del noreste. Respecto al minuto a minuto, el momento de mayor\u00a0<strong>calidez<\/strong>\u00a0de este martes ser\u00e1 entre las<strong>\u00a016 y las 17 horas<\/strong>, cuando el term\u00f3metro marque la mayor.<\/p>\n\n\n\n<p><strong>El resto de la semana<\/strong><\/p>\n\n\n\n<p>Lo dicho: a partir de hoy comenzar\u00e1 a mejorar el tiempo y para este\u00a0<strong>mi\u00e9rcoles 29 de mayo<\/strong>\u00a0las m\u00e1ximas comenzar\u00e1n a trepar de a poco. En ese sentido, se esperan\u00a0<strong>17\u00b0,<\/strong>\u00a0con poca nubosidad, vientos moderados, inestabilidad en cordillera y heladas parciales.\u00a0<\/p>\n\n\n\n<p>La tendencia se mantendr\u00e1 para e<strong>l jueves 30 de mayo<\/strong>, con una temperatura<strong>\u00a0m\u00e1xima de 18\u00b0<\/strong>\u00a0y una m\u00ednima de 4\u00b0.<\/p>\n\n\n\n<p><strong>Fuente: www.mendozapost.com<\/strong><\/p>\n","protected":false},"excerpt":{"rendered":"<p>Este&nbsp;martes 28 de mayo, los mendocinos tendremos que seguir sacando nuestro arsenal de abrigos para combatir el&nbsp;fr\u00edo. No obstante, ser\u00e1 otra jornada con presencia de&nbsp;sol&nbsp;absoluto que marcar\u00e1 el&nbsp;repunte&nbsp;de la&nbsp;temperatura&nbsp;y, tras una semana llena de&nbsp;heladas, comenzar\u00e1 a subir conforme pasen los pr\u00f3ximos d\u00edas. Para esta jornada se espera cielo totalmente&nbsp;despejado, con una&nbsp;m\u00ednima&nbsp;de&nbsp;1\u00b0&nbsp;cent\u00edgrado y una&nbsp;m\u00e1xima de 13\u00b0. [&hellip;]<\/p>\n","protected":false},"author":2,"featured_media":7837,"comment_status":"open","ping_status":"open","sticky":false,"template":"","format":"standard","meta":[],"categories":[52],"tags":[],"_links":{"self":[{"href":"https:\/\/pasaenmendoza.com\/index.php?rest_route=\/wp\/v2\/posts\/7836"}],"collection":[{"href":"https:\/\/pasaenmendoza.com\/index.php?rest_route=\/wp\/v2\/posts"}],"about":[{"href":"https:\/\/pasaenmendoza.com\/index.php?rest_route=\/wp\/v2\/types\/post"}],"author":[{"embeddable":true,"href":"https:\/\/pasaenmendoza.com\/index.php?rest_route=\/wp\/v2\/users\/2"}],"replies":[{"embeddable":true,"href":"https:\/\/pasaenmendoza.com\/index.php?rest_route=%2Fwp%2Fv2%2Fcomments&post=7836"}],"version-history":[{"count":1,"href":"https:\/\/pasaenmendoza.com\/index.php?rest_route=\/wp\/v2\/posts\/7836\/revisions"}],"predecessor-version":[{"id":7838,"href":"https:\/\/pasaenmendoza.com\/index.php?rest_route=\/wp\/v2\/posts\/7836\/revisions\/7838"}],"wp:featuredmedia":[{"embeddable":true,"href":"https:\/\/pasaenmendoza.com\/index.php?rest_route=\/wp\/v2\/media\/7837"}],"wp:attachment":[{"href":"https:\/\/pasaenmendoza.com\/index.php?rest_route=%2Fwp%2Fv2%2Fmedia&parent=7836"}],"wp:term":[{"taxonomy":"category","embeddable":true,"href":"https:\/\/pasaenmendoza.com\/index.php?rest_route=%2Fwp%2Fv2%2Fcategories&post=7836"},{"taxonomy":"post_tag","embeddable":true,"href":"https:\/\/pasaenmendoza.com\/index.php?rest_route=%2Fwp%2Fv2%2Ftags&post=7836"}],"curies":[{"name":"wp","href":"https:\/\/api.w.org\/{rel}","templated":true}]}}