{"id":784,"date":"2023-08-17T15:14:48","date_gmt":"2023-08-17T13:14:48","guid":{"rendered":"https:\/\/pasaenmendoza.com\/?p=784"},"modified":"2023-08-17T15:14:49","modified_gmt":"2023-08-17T13:14:49","slug":"inauguraron-la-restauracion-del-iconico-condor-del-acceso-este","status":"publish","type":"post","link":"https:\/\/pasaenmendoza.com\/?p=784","title":{"rendered":"Inauguraron la restauraci\u00f3n del ic\u00f3nico C\u00f3ndor del Acceso Este"},"content":{"rendered":"\n<p>Con una puesta lum\u00ednica y un acto con funcionarios provinciales y de la comuna de Guaymall\u00e9n,\u00a0<strong>inauguraron la restauraci\u00f3n del ic\u00f3nico\u00a0C\u00f3ndor del Acceso Este. La obra estuvo a cargo de Orlando Leytes<\/strong>\u00a0luego de que una tormenta de granizo da\u00f1ara severamente a la figura en febrero de 2022.<\/p>\n\n\n\n<p>La reparaci\u00f3n busc\u00f3<strong>&nbsp;mantener la apariencia original del c\u00f3ndor<\/strong>&nbsp;y garantizar un trabajo que ofrezca&nbsp;<strong>mayor resistencia<\/strong>&nbsp;ante contingencias clim\u00e1ticas, ya que&nbsp;<strong>fue una granizada la que destruy\u00f3 a la estatua original<\/strong>.<\/p>\n\n\n\n<p>El Gobernador\u00a0<strong>Rodolfo Suarez\u00a0<\/strong>recorri\u00f3 el predio donde se ubica el monumento referencial de Mendoza, que ya luce renovado. El mandatario particip\u00f3 de la puesta en valor del C\u00f3ndor, en el ingreso a la Ciudad de Mendoza, y lo hizo acompa\u00f1ado por el intendente de Guaymall\u00e9n,\u00a0<strong>Marcelino Iglesias<\/strong>; la ministra de Cultura y Turismo,\u00a0<strong>Nora Vicario<\/strong>; el director de Patrimonio Cultural y Museos,\u00a0<strong>Horacio Chiavazza<\/strong>;\u00a0<strong>el arquitecto y escultor encargado de la restauraci\u00f3n, Orlando Leytes<\/strong>, y los legisladores nacionales Mariana Juri y Alfredo Cornejo.<\/p>\n\n\n\n<h2 class=\"wp-block-heading\">Un \u00edcono de Mendoza<\/h2>\n\n\n\n<p>Suarez destac\u00f3 el proceso de restauraci\u00f3n del monumento al mencionar que \u201ceste trabajo permite a los mendocinos y turistas disfrutar de este s\u00edmbolo tan representativo para todos.&nbsp;<strong>Esta acci\u00f3n busca rescatar los valores de San Mart\u00edn, en un momento importante para Argentina<\/strong>\u201d.<\/p>\n\n\n\n<p>Al respecto, Vicario explic\u00f3: \u201cEl c\u00f3ndor, adem\u00e1s de ser una especie emblem\u00e1tica de la fauna silvestre,&nbsp;<strong>es un s\u00edmbolo de la Cordillera de los Andes, de libertad, fuerza y grandeza<\/strong>. Es una figura arraigada en los mendocinos y por eso es identitaria\u201d.<\/p>\n\n\n\n<p>\u201cPor ello, nos sentimos orgullosos de este proceso de restauraci\u00f3n, porque nos habla de la importancia de&nbsp;<strong>preservar y valorar nuestro patrimonio hist\u00f3rico y cultural<\/strong>, que es parte de la memoria colectiva\u201d, finaliz\u00f3 la titular de la cartera de Cultura y Turismo provincial.<\/p>\n\n\n\n<p>Es importante mencionar en este sentido, que el Gobierno de Mendoza declar\u00f3 como Bien del Patrimonio de car\u00e1cter Hist\u00f3rico, testimonial y art\u00edstico al\u00a0<strong>\u201cConjunto escult\u00f3rico del C\u00f3ndor\u201d, compuesto por obras del escultor Ju\u00e1n Jos\u00e9 Cardona, del Ingeniero Dante Taboada y el arquitecto Samuel Molina<\/strong>.<\/p>\n\n\n\n<h2 class=\"wp-block-heading\">Mendoza recuerda al General San Mart\u00edn<\/h2>\n\n\n\n<p>Como homenaje al Gral. Jos\u00e9 de San Mart\u00edn, en v\u00edspera al 17 de agosto, fecha del paso a la inmortalidad del Padre de la Patria, la obra tendr\u00e1&nbsp;<strong>una intervenci\u00f3n de luces ornamentales<\/strong>, durante dos d\u00edas, en honor a esta fecha conmemorativa tan importante para los mendocinos, los argentinos y los pueblos que comparten el legado sanmartiniano.<\/p>\n\n\n\n<p>Ser\u00e1n&nbsp;<strong>18 haces de luz, en representaci\u00f3n de los 18 departamentos<\/strong>, los que decorar\u00e1n a la estatua en estas noches invernales.<\/p>\n\n\n\n<h2 class=\"wp-block-heading\">La obra total<\/h2>\n\n\n\n<p>La reparaci\u00f3n busc\u00f3 mantener la figura original del c\u00f3ndor y garantizar un trabajo que ofrezca mayor resistencia ante contingencias clim\u00e1ticas.<\/p>\n\n\n\n<p>Los trabajos constan de&nbsp;<strong>dos dimensiones; una de tipo pl\u00e1stico y art\u00edstica y otra estructural-arquitect\u00f3nica<\/strong>.<\/p>\n\n\n\n<p>La reconstrucci\u00f3n de la cabeza fue realizada con cemento y resinas, materiales que\u00a0<strong>alivian el peso y garantizan mayor durabilidad<\/strong>. Adem\u00e1s, la cabeza posee una estructura de hierro que ser\u00e1 anclada al cuerpo del C\u00f3ndor.<\/p>\n\n\n\n<p>Adem\u00e1s, se realiz\u00f3 una<strong>&nbsp;limpieza general de la estructura<\/strong>, la reconstrucci\u00f3n de partes faltantes, devolver los colores originales y preservarla utilizando una laca especial, que garantiza durabilidad. Tambi\u00e9n se realiz\u00f3 una limpieza profunda de los hierros expuestos y se les coloc\u00f3 anti\u00f3xido, con mantenimiento y colocaci\u00f3n de<strong>&nbsp;pintura poliuret\u00e1nica<\/strong>. Tambi\u00e9n se recuperaron farolas y se instalaron LED de 200 w, aparte de mejorar el&nbsp;<strong>sistema de seguridad antivand\u00e1lica<\/strong>.<\/p>\n\n\n\n<p>Terminados todos los tr\u00e1mites administrativos, la declaraci\u00f3n de\u00a0<strong>Bien Patrimonial Cultural de la provincia<\/strong>\u00a0por parte de la Direcci\u00f3n Provincial de Patrimonio con aval del Consejo Provincial de Patrimonio y los convenios correspondientes, se dio comienzo formal a los trabajos. Los especialistas destacan esta declaraci\u00f3n de suma importancia,\u00a0<strong>\u201cpara proteger adecuadamente el Monumento al C\u00f3ndor de los Andes, situado en el Acceso Este\u201d<\/strong>.<\/p>\n\n\n\n<h2 class=\"wp-block-heading\">Sobre Orlando Leytes<\/h2>\n\n\n\n<p>Es un reconocido arquitecto, escultor y restaurador mendocino. Supo forjar su camino en una familia de renombrados artistas, con un lenguaje propio. Esculturas, frisos y bustos modelados en madera, metal, cemento y resina representan la permanente&nbsp;<strong>\u201cb\u00fasqueda de conocimiento\u201d<\/strong>&nbsp;que el autor plasma en cada una de sus creaciones.<\/p>\n\n\n\n<p>Entre sus obras, se destacan el&nbsp;<strong>Escudo de Godoy Cruz<\/strong>, escultura met\u00e1lica realizada en base al concurso de redise\u00f1o de la obra. Este escudo form\u00f3 parte de la restauraci\u00f3n y puesta en valor del&nbsp;<strong>Concejo Deliberante<\/strong>&nbsp;realizada por el \u00e1rea de Patrimonio y Arte en 2016.<\/p>\n\n\n\n<p>Otra obra destacada es&nbsp;<strong>Derecho animal<\/strong>, una imponente jirafa de metal que busca concientizar que se trata de una especie en riesgo de extinci\u00f3n por la cacer\u00eda.<\/p>\n\n\n\n<p><strong>Zorros salvajes<\/strong>, por otro lado, es una imponente escultura de cemento, en homenaje a los animales de la regi\u00f3n. La majestuosa obra, de 15 metros de largo por 7 de alto, es maciza y pesa 120 toneladas.\u00a0<strong>Un trabajo tan impactante como hipn\u00f3tico que se puede disfrutar en la finca Huentala Wines<\/strong>.<\/p>\n\n\n\n<p><strong>Fuente: www.diariouno.com.ar<\/strong><\/p>\n\n\n\n<p><\/p>\n","protected":false},"excerpt":{"rendered":"<p>Con una puesta lum\u00ednica y un acto con funcionarios provinciales y de la comuna de Guaymall\u00e9n,\u00a0inauguraron la restauraci\u00f3n del ic\u00f3nico\u00a0C\u00f3ndor del Acceso Este. La obra estuvo a cargo de Orlando Leytes\u00a0luego de que una tormenta de granizo da\u00f1ara severamente a la figura en febrero de 2022. La reparaci\u00f3n busc\u00f3&nbsp;mantener la apariencia original del c\u00f3ndor&nbsp;y garantizar [&hellip;]<\/p>\n","protected":false},"author":2,"featured_media":785,"comment_status":"open","ping_status":"open","sticky":false,"template":"","format":"standard","meta":[],"categories":[50],"tags":[],"_links":{"self":[{"href":"https:\/\/pasaenmendoza.com\/index.php?rest_route=\/wp\/v2\/posts\/784"}],"collection":[{"href":"https:\/\/pasaenmendoza.com\/index.php?rest_route=\/wp\/v2\/posts"}],"about":[{"href":"https:\/\/pasaenmendoza.com\/index.php?rest_route=\/wp\/v2\/types\/post"}],"author":[{"embeddable":true,"href":"https:\/\/pasaenmendoza.com\/index.php?rest_route=\/wp\/v2\/users\/2"}],"replies":[{"embeddable":true,"href":"https:\/\/pasaenmendoza.com\/index.php?rest_route=%2Fwp%2Fv2%2Fcomments&post=784"}],"version-history":[{"count":1,"href":"https:\/\/pasaenmendoza.com\/index.php?rest_route=\/wp\/v2\/posts\/784\/revisions"}],"predecessor-version":[{"id":786,"href":"https:\/\/pasaenmendoza.com\/index.php?rest_route=\/wp\/v2\/posts\/784\/revisions\/786"}],"wp:featuredmedia":[{"embeddable":true,"href":"https:\/\/pasaenmendoza.com\/index.php?rest_route=\/wp\/v2\/media\/785"}],"wp:attachment":[{"href":"https:\/\/pasaenmendoza.com\/index.php?rest_route=%2Fwp%2Fv2%2Fmedia&parent=784"}],"wp:term":[{"taxonomy":"category","embeddable":true,"href":"https:\/\/pasaenmendoza.com\/index.php?rest_route=%2Fwp%2Fv2%2Fcategories&post=784"},{"taxonomy":"post_tag","embeddable":true,"href":"https:\/\/pasaenmendoza.com\/index.php?rest_route=%2Fwp%2Fv2%2Ftags&post=784"}],"curies":[{"name":"wp","href":"https:\/\/api.w.org\/{rel}","templated":true}]}}