{"id":7850,"date":"2024-05-28T23:38:13","date_gmt":"2024-05-28T21:38:13","guid":{"rendered":"https:\/\/pasaenmendoza.com\/?p=7850"},"modified":"2024-05-28T23:39:29","modified_gmt":"2024-05-28T21:39:29","slug":"tras-los-primeros-frios-en-mendoza-aumentaron-las-enfermedades-y-crecio-la-demanda-hospitalaria","status":"publish","type":"post","link":"https:\/\/pasaenmendoza.com\/?p=7850","title":{"rendered":"Tras los primeros fr\u00edos en Mendoza, aumentaron las enfermedades y creci\u00f3 la demanda hospitalaria"},"content":{"rendered":"\n<p>El invierno a\u00fan no lleg\u00f3 al hemisferio sur, pero en gran parte del pa\u00eds se han sentido los primeros fr\u00edos intensos y&nbsp;<strong>Mendoza<\/strong>&nbsp;no ha sido la excepci\u00f3n. Este fen\u00f3meno hizo que&nbsp; muchos ni\u00f1os y adultos, a ra\u00edz del cambio de temperatura, contraigan&nbsp;<strong>enfermedades respiratorias.<\/strong><\/p>\n\n\n\n<p>Si bien las guardias de los hospitales p\u00fablicos y privados a\u00fan no se muestran colapsadas de pacientes, tal como ha ocurrido a\u00f1os atr\u00e1s, s\u00ed&nbsp;<mark>est\u00e1n creciendo las consultas.<\/mark><\/p>\n\n\n\n<p>Asimismo,&nbsp;<strong>en los vacunatorios se observa un gran movimiento<\/strong>&nbsp;y, de acuerdo con lo manifestado por la jefa de Inmunolog\u00eda de Mendoza,&nbsp;<strong>Iris Aguilar<\/strong>, \u201clos mendocinos se est\u00e1n vacunando mucho de todo\u201d.<\/p>\n\n\n\n<h2 class=\"wp-block-heading\" id=\"h-demanda-en-alza-pero-sostenida\">Demanda en alza, pero sostenida<\/h2>\n\n\n\n<p>A diferencia del 2023,&nbsp;cuando el&nbsp;<strong>hospital pedi\u00e1trico Humberto Notti<\/strong>&nbsp;presentaba el 1 de junio un 100% de sus camas ocupadas por casos de enfermedades respiratorias, este a\u00f1o la situaci\u00f3n es diferente, <em>\u201cpor ahora todo viene muy normal\u201d.<\/em><\/p>\n\n\n\n<p><em>\u201cNo hay aumentos de consultas considerables. Las mismas se mantienen y son propias de la \u00e9poca. Por el momento, estamos tranquilos y sin sobresaltos\u201d,<\/em>&nbsp;expresaron.<\/p>\n\n\n\n<p>En el hospital&nbsp;<strong>Perrupato<\/strong>, la atenci\u00f3n tambi\u00e9n ha sido moderada respecto a otros a\u00f1os, pero no se descarta&nbsp; que mayo termine con consultas por encima de las registradas en abril.<\/p>\n\n\n\n<p>De acuerdo con lo expresado por las autoridades del nosocomio, en abril hubo 4.977 consultas en Pediatr\u00eda, en tanto, en lo que va de mayo, el n\u00famero llega a 4.506, pero no se descarta que el mes termine en alza. Sin embargo, aclararon que&nbsp;<mark>la situaci\u00f3n est\u00e1 controlada y no hay desborde de pacientes con problemas respiratorios.<\/mark><\/p>\n\n\n\n<p>En tanto, el panorama en los&nbsp;<strong>centros m\u00e9dicos privados<\/strong>, donde se ofrece el servicio de Demanda Espont\u00e1nea sin turno previo, las consultas s\u00ed crecieron y las patolog\u00edas predominantes son&nbsp;<mark>resfr\u00edos, gripe y virus sincicial respiratorio<\/mark>, que causa enfermedades como bronquiolitis o bronquitis obstructivas.<\/p>\n\n\n\n<p>En estos espacios, cada vez m\u00e1s demandados por la comodidad y la rapidez en la atenci\u00f3n, el valor de la consulta particular tiene un costo de 16 mil pesos. El a\u00f1o pasado, el importe era un 50% m\u00e1s barata, es decir, 8 mil pesos.<\/p>\n\n\n\n<p>Cabe aclarar que la mayor\u00eda de estos lugares recibe obra social o prepaga, pero el paciente igual debe abonar un coseguro que var\u00eda de acuerdo con cada prestadora.<\/p>\n\n\n\n<h2 class=\"wp-block-heading\" id=\"h-los-medicamentos-solo-para-algunos\">Los medicamentos, s\u00f3lo para algunos<\/h2>\n\n\n\n<p>Acceder a medicamentos hoy es un privilegio de pocos. Desde el Colegio Farmac\u00e9utico de Mendoza (CoFaM) han observado una desaceleraci\u00f3n en comparaci\u00f3n con incrementos anteriores, registrados entre noviembre y enero.<\/p>\n\n\n\n<p>Seg\u00fan manifestaron,<mark>&nbsp;desde febrero, los porcentajes de aumento se ubican entre un 7% y un 15%.&nbsp;<\/mark>Sin embargo, los medicamentos siguen siendo caros para la poblaci\u00f3n a la que le sigue costando poder acceder a ellos.<\/p>\n\n\n\n<p>Por lo general, los profesionales recetan diferentes tipos de antitusivos, antihistam\u00ednicos, antifebriles o corticoides para los cuadros respiratorios y&nbsp;<mark>sus precios rondan entre los 8 mil y 10 mil pesos, cada uno.<\/mark><\/p>\n\n\n\n<p>\u201cLas ventas han ca\u00eddo bastante y lo que los padres hacen es optar por un remedio y hasta donde le alcance el bolsillo. Otros, en cambio, deciden comprar con tarjeta de cr\u00e9dito, en un pago, para pagar al mes siguiente y as\u00ed van haciendo frente a las enfermedades de los chicos\u201d, coment\u00f3 un profesional.<\/p>\n\n\n\n<h2 class=\"wp-block-heading\" id=\"h-gran-interes-en-la-vacunacion\">Gran inter\u00e9s en la vacunaci\u00f3n<\/h2>\n\n\n\n<p>Frente a este panorama, desde Inmunolog\u00eda se mostraron muy satisfechos por el&nbsp;<mark>inter\u00e9s de la poblaci\u00f3n para vacunarse.<\/mark><\/p>\n\n\n\n<p>Si bien no hay un grupo etario que predomine por sobre el resto, Aguilar manifest\u00f3 que \u201cla inmunizaci\u00f3n viene muy bien, en general, y contra todo\u201d.<\/p>\n\n\n\n<p>La especialista coment\u00f3 que la vacuna de la gripe viene en alza, sin embargo,&nbsp;<mark>la gran vedette de la temporada es la vacuna contra el virus sincicial .<\/mark><\/p>\n\n\n\n<p>\u201cEste es recomendado para las embarazadas y realmente ha tenido mucha adherencia\u201d, dijo la titular del Departamento de Inmunizaciones.<\/p>\n\n\n\n<p><strong>Fuente: www.elsol.com.ar<\/strong><\/p>\n","protected":false},"excerpt":{"rendered":"<p>El invierno a\u00fan no lleg\u00f3 al hemisferio sur, pero en gran parte del pa\u00eds se han sentido los primeros fr\u00edos intensos y&nbsp;Mendoza&nbsp;no ha sido la excepci\u00f3n. Este fen\u00f3meno hizo que&nbsp; muchos ni\u00f1os y adultos, a ra\u00edz del cambio de temperatura, contraigan&nbsp;enfermedades respiratorias. Si bien las guardias de los hospitales p\u00fablicos y privados a\u00fan no se [&hellip;]<\/p>\n","protected":false},"author":2,"featured_media":7851,"comment_status":"open","ping_status":"open","sticky":false,"template":"","format":"standard","meta":[],"categories":[58],"tags":[],"_links":{"self":[{"href":"https:\/\/pasaenmendoza.com\/index.php?rest_route=\/wp\/v2\/posts\/7850"}],"collection":[{"href":"https:\/\/pasaenmendoza.com\/index.php?rest_route=\/wp\/v2\/posts"}],"about":[{"href":"https:\/\/pasaenmendoza.com\/index.php?rest_route=\/wp\/v2\/types\/post"}],"author":[{"embeddable":true,"href":"https:\/\/pasaenmendoza.com\/index.php?rest_route=\/wp\/v2\/users\/2"}],"replies":[{"embeddable":true,"href":"https:\/\/pasaenmendoza.com\/index.php?rest_route=%2Fwp%2Fv2%2Fcomments&post=7850"}],"version-history":[{"count":2,"href":"https:\/\/pasaenmendoza.com\/index.php?rest_route=\/wp\/v2\/posts\/7850\/revisions"}],"predecessor-version":[{"id":7853,"href":"https:\/\/pasaenmendoza.com\/index.php?rest_route=\/wp\/v2\/posts\/7850\/revisions\/7853"}],"wp:featuredmedia":[{"embeddable":true,"href":"https:\/\/pasaenmendoza.com\/index.php?rest_route=\/wp\/v2\/media\/7851"}],"wp:attachment":[{"href":"https:\/\/pasaenmendoza.com\/index.php?rest_route=%2Fwp%2Fv2%2Fmedia&parent=7850"}],"wp:term":[{"taxonomy":"category","embeddable":true,"href":"https:\/\/pasaenmendoza.com\/index.php?rest_route=%2Fwp%2Fv2%2Fcategories&post=7850"},{"taxonomy":"post_tag","embeddable":true,"href":"https:\/\/pasaenmendoza.com\/index.php?rest_route=%2Fwp%2Fv2%2Ftags&post=7850"}],"curies":[{"name":"wp","href":"https:\/\/api.w.org\/{rel}","templated":true}]}}