{"id":7862,"date":"2024-05-29T00:29:47","date_gmt":"2024-05-28T22:29:47","guid":{"rendered":"https:\/\/pasaenmendoza.com\/?p=7862"},"modified":"2024-05-29T00:29:48","modified_gmt":"2024-05-28T22:29:48","slug":"historico-una-mujer-es-la-nueva-presidenta-de-la-federacion-mendocina-de-box","status":"publish","type":"post","link":"https:\/\/pasaenmendoza.com\/?p=7862","title":{"rendered":"Hist\u00f3rico: una mujer es la nueva presidenta de la Federaci\u00f3n Mendocina de Box"},"content":{"rendered":"\n<p>Este lunes se realiz\u00f3 la asamblea ordinaria que marcan los estatutos de la\u00a0<strong>Federaci\u00f3n Mendocina de Box<\/strong>, y con la presencia de los clubes afiliados se eligi\u00f3 como nueva presidenta a la jueza y fiscal de boxeo\u00a0<strong>Daiana San Rom\u00e1n<\/strong>, por el per\u00edodo de dos a\u00f1os. El deporte de Mendoza demostr\u00f3 que la<strong>\u00a0igualdad de g\u00e9nero<\/strong>\u00a0no es s\u00f3lo discurso, si no hechos.<\/p>\n\n\n\n<p>Esta elecci\u00f3n de Daiana San Rom\u00e1n, kinesi\u00f3loga, y que fuera boxeadora amateur, marca un hecho hist\u00f3rico en el boxeo argentino, ya que ser\u00eda la tercera en conducir una entidad afiliada a la\u00a0<strong>Federaci\u00f3n Argentina de Box<\/strong>\u00a0-FAB-, y la primera en entidad mendocina. A nivel pa\u00eds existen s\u00f3lo otros dos antecedentes y son actuales: en R\u00edo Negro, Celeste Garc\u00eda; y Eva Gatica (hija de el\u00a0<em>Mono\u00a0<\/em>Jos\u00e9 Mar\u00eda ) como interventora en San Luis.<\/p>\n\n\n\n<p>En el a\u00f1o del centenario de fundaci\u00f3n de la&nbsp;<strong>Federaci\u00f3n Mendocina de Box<\/strong>, y de acuerdo a los estatutos, se dio este hecho in\u00e9dito. Este lunes por la noche, y habiendo una sola lista presentada, se eligi\u00f3 a San Rom\u00e1n, que reemplazar\u00e1 a Sergio Carre\u00f1o en la presidencia de entidad de calle Mitre 1.771 de Ciudad.<\/p>\n\n\n\n<p><strong>&#8220;Los dirigentes, t\u00e9cnicos, y deportistas apoyaron mucho y vamos todos para el mismo lado. Queremos devolver a la Federaci\u00f3n Mendocina de Box a lo que fue antes. Devolver el buen boxeo, devolver a los campeones como corresponde&#8221;, Daiana San Rom\u00e1n, flamante presidente de la federaci\u00f3n Mendocina de Box<\/strong><\/p>\n\n\n\n<p>Cada dos a\u00f1os, la segunda quincena de mayo, se deben reunir las autoridades la FMB, como mandan los estatutos. Se fij\u00f3 la fecha para este 27 de mayo, y se concret\u00f3 la asamblea, algo que no suced\u00eda desde el a\u00f1o 2005, cuando fue reelegido Jos\u00e9 Rasjido.<\/p>\n\n\n\n<p>La Federaci\u00f3n Mendocina, adem\u00e1s de la presidencia de San Rom\u00e1n, sigue con la integraci\u00f3n e igualdad de g\u00e9nero, y sum\u00f3 en su lista de autoridades a Luciana La Spada, m\u00e9dica de profesi\u00f3n, como secretaria, y como protesorera a Luciana Robles, jueza y fiscal de boxeo.<\/p>\n\n\n\n<h2 class=\"wp-block-heading\">La nueva Comisi\u00f3n Directiva<\/h2>\n\n\n\n<p>Presidenta: Daiana San Rom\u00e1n, vicepresidente primero Rafael Manzur, vicepresidente segundo, Maximiliano Rivera; secretario general Oscar Gualpa; prosecretario Luis Arambur\u00fa; secretaria de actas, Luciana La Spada; tesorero, Pablo Manzur; protesorera, Luciana Robles; intendente, Jorge Pandolfino. Sergio Carre\u00f1o ser\u00e1 el delegado mendocino en la FAB.<\/p>\n\n\n\n<h2 class=\"wp-block-heading\">Primera mujer presidenta de la Federaci\u00f3n Mendocina de Box<\/h2>\n\n\n\n<p><strong>Daiana San Rom\u00e1n<\/strong>, que practic\u00f3 boxeo amateur en la d\u00e9cada pasada, actualmente tiene 36 a\u00f1os, es jueza de boxeo y fiscal con licencia FAB. Adem\u00e1s es Licenciada en kinesiolog\u00eda, y directora de la escuela de jueces, \u00e1rbitros y fiscales de la FMB.<\/p>\n\n\n\n<p>&#8220;Es una alegr\u00eda muy grande para mi poder tomar la posta en este proceso que comenz\u00f3 hace dos a\u00f1os para recuperar en su esplendor a la&nbsp;<strong>Federaci\u00f3n Mendocina de Box<\/strong>&#8220;, dijo la dirigente.<\/p>\n\n\n\n<figure class=\"wp-block-image\"><img decoding=\"async\" src=\"https:\/\/media.diariouno.com.ar\/p\/af48ecfca0a6f147f219389c30eea434\/adjuntos\/298\/imagenes\/009\/344\/0009344161\/1200x0\/smart\/federacion-mendocina-box-elecciones-01jpg.jpg\" alt=\"Sergio Carre\u00f1o inici\u00f3 un proceso de saneamiento institucional de la Federaci\u00f3n Mendocina de Box y al ser elegida Daiana San Rom\u00e1n como nueva presidente, se le da continuidad a este impulso.\" title=\"Sergio Carre\u00f1o inici\u00f3 un proceso de saneamiento institucional de la Federaci\u00f3n Mendocina de Box y al ser elegida Daiana San Rom\u00e1n como nueva presidente, se le da continuidad a este impulso.\"\/><\/figure>\n\n\n\n<p>Sergio Carre\u00f1o inici\u00f3 un proceso de saneamiento institucional de la Federaci\u00f3n Mendocina de Box y al ser elegida Daiana San Rom\u00e1n como nueva presidente, se le da continuidad a este impulso.<\/p>\n\n\n\n<p>Respecto a la asamblea donde fue electa se\u00f1al\u00f3: &#8220;Fue (la de este lunes) una noche muy tranquila, tomamos cafecito y hablamos con tranquilidad. Votaron algo m\u00e1s de 30 clubes, que son los afiliados a la Federaci\u00f3n (FMB) y tambi\u00e9n estuvieron presentes muchos t\u00e9cnicos, \u00e1rbitros y jueces&#8221;, dijo la nacida en Choele Choel, R\u00edo Negro.<\/p>\n\n\n\n<p>&#8220;Quiero agradecer a Sergio Carre\u00f1o, por todo el trabajo que hizo desde hace a\u00f1os para sanear la Federaci\u00f3n, y que me ense\u00f1\u00f3 a trabajar desde la dirigencia deportiva&#8221;, reconoci\u00f3 San Rom\u00e1n, que agreg\u00f3: &#8220;Tambi\u00e9n quiero agradecer a Roberto Alaniz, que pese a que ya era grande, me motiv\u00f3 para que boxeara a nivel competitivo y pude sacarme esa &#8220;espinita&#8221; que una tiene en el deporte y hacer varias peleas y ser campeona del&nbsp;<strong>Torneo Vendimia<\/strong>&nbsp;y subcampeona del&nbsp;<strong>Guantes de Oro en 2017<\/strong>&#8220;.<\/p>\n\n\n\n<p>Su entrada al boxeo fue tan inusual como su elecci\u00f3n para presidir de la entidad madre del boxeo de Mendoza. &#8220;Quien me ense\u00f1\u00f3 a amar al deporte y en especial al boxeo fue mi mam\u00e1. All\u00e1 en R\u00edo Negro ten\u00eda 16 a\u00f1os y comenc\u00e9 a boxear. Luego dej\u00e9 para comenzar al jugar al b\u00e1squet&#8221;, record\u00f3.<\/p>\n\n\n\n<p>Luego Daiana, en una pausa en su consultorio de kinesiolog\u00eda, confes\u00f3: &#8220;En mi casa siempre se respir\u00f3 deporte, mi mam\u00e1 me inculc\u00f3 esta pasi\u00f3n. Luego me vine a Mendoza a los 19 a\u00f1os a estudiar, y comenc\u00e9 con el b\u00e1squet y ya de grande me enamor\u00e9 del boxeo y de Mendoza. Ac\u00e1 conoc\u00ed a mi pareja, Jimena Torres, nos casamos y vivimos muy felices respirando deporte. Jimena es Profesora de Educaci\u00f3n F\u00edsica y Jueza de Basquetbol del CABM -Colegio de \u00c1rbitros de Basquetbol de Mendoza- y me apoya incondicionalmente en el boxeo&#8221;, concluy\u00f3.<\/p>\n\n\n\n<p><strong>Fuente: www.diariouno.com.ar<\/strong><\/p>\n","protected":false},"excerpt":{"rendered":"<p>Este lunes se realiz\u00f3 la asamblea ordinaria que marcan los estatutos de la\u00a0Federaci\u00f3n Mendocina de Box, y con la presencia de los clubes afiliados se eligi\u00f3 como nueva presidenta a la jueza y fiscal de boxeo\u00a0Daiana San Rom\u00e1n, por el per\u00edodo de dos a\u00f1os. El deporte de Mendoza demostr\u00f3 que la\u00a0igualdad de g\u00e9nero\u00a0no es s\u00f3lo [&hellip;]<\/p>\n","protected":false},"author":2,"featured_media":7863,"comment_status":"open","ping_status":"open","sticky":false,"template":"","format":"standard","meta":[],"categories":[81],"tags":[],"_links":{"self":[{"href":"https:\/\/pasaenmendoza.com\/index.php?rest_route=\/wp\/v2\/posts\/7862"}],"collection":[{"href":"https:\/\/pasaenmendoza.com\/index.php?rest_route=\/wp\/v2\/posts"}],"about":[{"href":"https:\/\/pasaenmendoza.com\/index.php?rest_route=\/wp\/v2\/types\/post"}],"author":[{"embeddable":true,"href":"https:\/\/pasaenmendoza.com\/index.php?rest_route=\/wp\/v2\/users\/2"}],"replies":[{"embeddable":true,"href":"https:\/\/pasaenmendoza.com\/index.php?rest_route=%2Fwp%2Fv2%2Fcomments&post=7862"}],"version-history":[{"count":1,"href":"https:\/\/pasaenmendoza.com\/index.php?rest_route=\/wp\/v2\/posts\/7862\/revisions"}],"predecessor-version":[{"id":7864,"href":"https:\/\/pasaenmendoza.com\/index.php?rest_route=\/wp\/v2\/posts\/7862\/revisions\/7864"}],"wp:featuredmedia":[{"embeddable":true,"href":"https:\/\/pasaenmendoza.com\/index.php?rest_route=\/wp\/v2\/media\/7863"}],"wp:attachment":[{"href":"https:\/\/pasaenmendoza.com\/index.php?rest_route=%2Fwp%2Fv2%2Fmedia&parent=7862"}],"wp:term":[{"taxonomy":"category","embeddable":true,"href":"https:\/\/pasaenmendoza.com\/index.php?rest_route=%2Fwp%2Fv2%2Fcategories&post=7862"},{"taxonomy":"post_tag","embeddable":true,"href":"https:\/\/pasaenmendoza.com\/index.php?rest_route=%2Fwp%2Fv2%2Ftags&post=7862"}],"curies":[{"name":"wp","href":"https:\/\/api.w.org\/{rel}","templated":true}]}}