{"id":7865,"date":"2024-05-29T14:50:42","date_gmt":"2024-05-29T12:50:42","guid":{"rendered":"https:\/\/pasaenmendoza.com\/?p=7865"},"modified":"2024-05-29T14:50:44","modified_gmt":"2024-05-29T12:50:44","slug":"sigue-el-frio-pero-comienza-a-levantar-la-temperatura-en-mendoza","status":"publish","type":"post","link":"https:\/\/pasaenmendoza.com\/?p=7865","title":{"rendered":"Sigue el fr\u00edo pero comienza a levantar la temperatura en Mendoza"},"content":{"rendered":"\n<p>Este mi\u00e9rcoles 29 contin\u00faa el&nbsp;<strong>fr\u00edo invernal en el Gran Mendoza<\/strong>&nbsp;con una m\u00e1xima que llegar\u00e1 a los&nbsp;<strong>13 grados<\/strong>, aunque por la tarde la temperatura se sentir\u00e1 m\u00e1s agradable.<\/p>\n\n\n\n<p>Seg\u00fan el Servicio Meteorol\u00f3gico Nacional, habr\u00e1 algunas nubes hasta el mediod\u00eda y luego saldr\u00e1 el sol, lo que le dar\u00e1 algo de calidez al d\u00eda y ser\u00e1 la antesala de una serie de jornadas &#8220;agradables&#8221; hasta el fin de semana.<\/p>\n\n\n\n<p>El pron\u00f3stico extendido marca que la temperatura subir\u00e1 levemente desde este jueves y se mantendr\u00e1 en esa tendencia hasta el s\u00e1bado, cuando tocar\u00e1 los 18 grados.<\/p>\n\n\n\n<p><strong>Fuente: www.mendozapost.com<\/strong><\/p>\n","protected":false},"excerpt":{"rendered":"<p>Este mi\u00e9rcoles 29 contin\u00faa el&nbsp;fr\u00edo invernal en el Gran Mendoza&nbsp;con una m\u00e1xima que llegar\u00e1 a los&nbsp;13 grados, aunque por la tarde la temperatura se sentir\u00e1 m\u00e1s agradable. Seg\u00fan el Servicio Meteorol\u00f3gico Nacional, habr\u00e1 algunas nubes hasta el mediod\u00eda y luego saldr\u00e1 el sol, lo que le dar\u00e1 algo de calidez al d\u00eda y ser\u00e1 la [&hellip;]<\/p>\n","protected":false},"author":2,"featured_media":7866,"comment_status":"open","ping_status":"open","sticky":false,"template":"","format":"standard","meta":[],"categories":[52],"tags":[],"_links":{"self":[{"href":"https:\/\/pasaenmendoza.com\/index.php?rest_route=\/wp\/v2\/posts\/7865"}],"collection":[{"href":"https:\/\/pasaenmendoza.com\/index.php?rest_route=\/wp\/v2\/posts"}],"about":[{"href":"https:\/\/pasaenmendoza.com\/index.php?rest_route=\/wp\/v2\/types\/post"}],"author":[{"embeddable":true,"href":"https:\/\/pasaenmendoza.com\/index.php?rest_route=\/wp\/v2\/users\/2"}],"replies":[{"embeddable":true,"href":"https:\/\/pasaenmendoza.com\/index.php?rest_route=%2Fwp%2Fv2%2Fcomments&post=7865"}],"version-history":[{"count":1,"href":"https:\/\/pasaenmendoza.com\/index.php?rest_route=\/wp\/v2\/posts\/7865\/revisions"}],"predecessor-version":[{"id":7867,"href":"https:\/\/pasaenmendoza.com\/index.php?rest_route=\/wp\/v2\/posts\/7865\/revisions\/7867"}],"wp:featuredmedia":[{"embeddable":true,"href":"https:\/\/pasaenmendoza.com\/index.php?rest_route=\/wp\/v2\/media\/7866"}],"wp:attachment":[{"href":"https:\/\/pasaenmendoza.com\/index.php?rest_route=%2Fwp%2Fv2%2Fmedia&parent=7865"}],"wp:term":[{"taxonomy":"category","embeddable":true,"href":"https:\/\/pasaenmendoza.com\/index.php?rest_route=%2Fwp%2Fv2%2Fcategories&post=7865"},{"taxonomy":"post_tag","embeddable":true,"href":"https:\/\/pasaenmendoza.com\/index.php?rest_route=%2Fwp%2Fv2%2Ftags&post=7865"}],"curies":[{"name":"wp","href":"https:\/\/api.w.org\/{rel}","templated":true}]}}