{"id":7874,"date":"2024-05-29T15:33:00","date_gmt":"2024-05-29T13:33:00","guid":{"rendered":"https:\/\/pasaenmendoza.com\/?p=7874"},"modified":"2024-05-29T15:33:01","modified_gmt":"2024-05-29T13:33:01","slug":"investigan-la-muerte-de-un-hombre-tras-un-confuso-episodio-en-la-ciudad-de-mendoza","status":"publish","type":"post","link":"https:\/\/pasaenmendoza.com\/?p=7874","title":{"rendered":"Investigan la muerte de un hombre tras un confuso episodio en la Ciudad de Mendoza"},"content":{"rendered":"\n<p>Gabriel Gustavo Lucero ten\u00eda 58 a\u00f1os y estuvo dos d\u00edas internado el Hospital Central, hasta que en la tarde del lunes\u00a0<strong>muri\u00f3.<\/strong>\u00a0Estuvo en terapia intensiva tras haber recibido una golplza, aunque por ahora los profesionales no pueden asegurar que su deceso est\u00e9 directamente relacionado con esas agresiones. Mientras, se abri\u00f3 una causa en la\u00a0Fiscal\u00eda de Homicidios\u00a0para\u00a0<strong>investigar<\/strong>\u00a0y esclarecer los hechos y hay tres hombres en la mira, aunque no est\u00e1n detenidos.\u00a0<\/p>\n\n\n\n<p>Todo comenz\u00f3 en la madrugada del s\u00e1bado, a partir de un llamado al 911 que dio cuenta de una pelea entre cuatro sujetos en Alem y Salta,&nbsp;en la&nbsp;<strong>Ciudad de Mendoza.<\/strong>&nbsp;<\/p>\n\n\n\n<p>Cuando arrib\u00f3 el personal policial se encontraron con un herido y con tres sospechosos escapando. Mientras al lesionado lo cruzaron al mencionado hospital para ser asistido, un grupo de efectivos fue en busca de las personas que hu\u00edan.&nbsp;<\/p>\n\n\n\n<p>Los uniformados dieron con un hombre de 37 a\u00f1os involucrado en el episodio, quien manifest\u00f3 que a \u00e9l le hab\u00edan robado el celular y por esto atac\u00f3 a los otros intervinientes, entre ellos Lucero.\u00a0<\/p>\n\n\n\n<p>Sin embargo, la versi\u00f3n m\u00e1s fuerte est\u00e1 vinculada con la denuncia sobre tres individuos golpeando al se\u00f1or que luego perder\u00eda la vida. Este \u00faltimo fue alojado en el Central con politraumatismos, pero su salud se fue complicando y falleci\u00f3 en la tarde del lunes.\u00a0<\/p>\n\n\n\n<p>Ahora los<strong>&nbsp;investigadores<\/strong>&nbsp;esperan el resultado&nbsp;de la autopsia para saber si&nbsp;<strong>muri\u00f3<\/strong>&nbsp;por la golpiza y est\u00e1n frente a un crimen. o si en definitiva el deceso fue por causas naturales, m\u00e1s all\u00e1 de las agresiones recibidas.&nbsp;<\/p>\n\n\n\n<p>El caso qued\u00f3 a cargo de la fiscal&nbsp;Andrea Lazo, quien ya tendr\u00eda a los otros tres hombres individualizados para avanzar sobre una posible imputaci\u00f3n.&nbsp;<\/p>\n\n\n\n<p>En tanto, trascendi\u00f3 que la v\u00edctima era oriunda de la zona de la Triple Frontera (Luj\u00e1n, Maip\u00fa y Godoy Cruz) y que actualmente estaba en situaci\u00f3n de calle, frecuentando el centro.\u00a0<\/p>\n\n\n\n<p><strong>Fuente: www.mdzol.com<\/strong><\/p>\n","protected":false},"excerpt":{"rendered":"<p>Gabriel Gustavo Lucero ten\u00eda 58 a\u00f1os y estuvo dos d\u00edas internado el Hospital Central, hasta que en la tarde del lunes\u00a0muri\u00f3.\u00a0Estuvo en terapia intensiva tras haber recibido una golplza, aunque por ahora los profesionales no pueden asegurar que su deceso est\u00e9 directamente relacionado con esas agresiones. Mientras, se abri\u00f3 una causa en la\u00a0Fiscal\u00eda de Homicidios\u00a0para\u00a0investigar\u00a0y [&hellip;]<\/p>\n","protected":false},"author":2,"featured_media":7875,"comment_status":"open","ping_status":"open","sticky":false,"template":"","format":"standard","meta":[],"categories":[48],"tags":[],"_links":{"self":[{"href":"https:\/\/pasaenmendoza.com\/index.php?rest_route=\/wp\/v2\/posts\/7874"}],"collection":[{"href":"https:\/\/pasaenmendoza.com\/index.php?rest_route=\/wp\/v2\/posts"}],"about":[{"href":"https:\/\/pasaenmendoza.com\/index.php?rest_route=\/wp\/v2\/types\/post"}],"author":[{"embeddable":true,"href":"https:\/\/pasaenmendoza.com\/index.php?rest_route=\/wp\/v2\/users\/2"}],"replies":[{"embeddable":true,"href":"https:\/\/pasaenmendoza.com\/index.php?rest_route=%2Fwp%2Fv2%2Fcomments&post=7874"}],"version-history":[{"count":1,"href":"https:\/\/pasaenmendoza.com\/index.php?rest_route=\/wp\/v2\/posts\/7874\/revisions"}],"predecessor-version":[{"id":7876,"href":"https:\/\/pasaenmendoza.com\/index.php?rest_route=\/wp\/v2\/posts\/7874\/revisions\/7876"}],"wp:featuredmedia":[{"embeddable":true,"href":"https:\/\/pasaenmendoza.com\/index.php?rest_route=\/wp\/v2\/media\/7875"}],"wp:attachment":[{"href":"https:\/\/pasaenmendoza.com\/index.php?rest_route=%2Fwp%2Fv2%2Fmedia&parent=7874"}],"wp:term":[{"taxonomy":"category","embeddable":true,"href":"https:\/\/pasaenmendoza.com\/index.php?rest_route=%2Fwp%2Fv2%2Fcategories&post=7874"},{"taxonomy":"post_tag","embeddable":true,"href":"https:\/\/pasaenmendoza.com\/index.php?rest_route=%2Fwp%2Fv2%2Ftags&post=7874"}],"curies":[{"name":"wp","href":"https:\/\/api.w.org\/{rel}","templated":true}]}}