{"id":7880,"date":"2024-05-29T23:28:25","date_gmt":"2024-05-29T21:28:25","guid":{"rendered":"https:\/\/pasaenmendoza.com\/?p=7880"},"modified":"2024-05-29T23:28:26","modified_gmt":"2024-05-29T21:28:26","slug":"el-precio-de-las-verduras-que-se-incremento-por-heladas-y-baja-produccion-tambien-afecta-a-mendoza","status":"publish","type":"post","link":"https:\/\/pasaenmendoza.com\/?p=7880","title":{"rendered":"El precio de las verduras que se increment\u00f3 por heladas y baja producci\u00f3n tambi\u00e9n afecta a Mendoza"},"content":{"rendered":"\n<p>La\u00a0<strong>ola polar anticipada<\/strong>\u00a0que avanza sobre la<strong>\u00a0Argentina<\/strong>\u00a0y tambi\u00e9n\u00a0<strong>se siente en Mendoza,<\/strong>\u00a0complic\u00f3 el cultivo de las\u00a0<strong>verduras<\/strong>\u00a0que forman parte de los productos claves para la\u00a0<strong>canasta b\u00e1sica<\/strong>, como el\u00a0<strong>tomate y los morrones<\/strong>, entre otros, lo que dispar\u00f3<strong>\u00a0subas que rondan el 200%.<\/strong><\/p>\n\n\n\n<p>El<strong>&nbsp;tomate y los pimientos morrones se venden hasta a 8.000 pesos promedio el kilo<\/strong>&nbsp;en algunos barrios porte\u00f1os mientras que los&nbsp;<strong>pimientos verdes<\/strong>&nbsp;llegan hasta los&nbsp;<strong>4.000 pesos.<\/strong><\/p>\n\n\n\n<p>Por ahora los\u00a0<strong>productores adjudican el alza<\/strong>\u00a0a un<strong>\u00a0tema<\/strong>\u00a0puramente\u00a0<strong>estacional<\/strong>, aunque los v<strong>erduleros explican que una vez que los precios se disparan, cuando el escenario mejora bajan pero no hasta el nivel que ten\u00edan antes del ajuste<\/strong>, por lo que esta suba meter\u00e1 presi\u00f3n sobre la\u00a0<strong>inflaci\u00f3n<\/strong>\u00a0<strong>de mayo.<\/strong><\/p>\n\n\n\n<h2 class=\"wp-block-heading\">El fr\u00edo anticipado impacta en los precios<\/h2>\n\n\n\n<p>Las bajas temperaturas est\u00e1n retrasando el ingreso de la producci\u00f3n del norte, mientras se va agotando la de la provincia de Buenos Aires.<\/p>\n\n\n\n<p>Los&nbsp;<strong>distribuidores comenzaron a comprar tomate a Chile<\/strong>, a un precio casi&nbsp;<strong>50% m\u00e1s caro.<\/strong><\/p>\n\n\n\n<p>En el Mercado Central de Buenos Aires, indican que el bache en la oferta que suele darse en esta \u00e9poca del a\u00f1o se alarg\u00f3 m\u00e1s de lo previsto, lo cual explica la suba de precios.<\/p>\n\n\n\n<p>El&nbsp;<strong>precio mayorista del tomate redondo<\/strong>&nbsp;grande&nbsp;<strong>se ubica entre $52.000 y $55.000 el caj\u00f3n de 18 kilos<\/strong>, pero no es de buena calidad.<\/p>\n\n\n\n<p>La cadena de distribuci\u00f3n aguarda el ingreso de mercader\u00eda de Salta y Corrientes, que por las heladas se retras\u00f3.<\/p>\n\n\n\n<p>El tomate es uno de los alimentos de mayor peso en la canasta del INDEC, por lo que esta disparada meter\u00e1 presi\u00f3n sobre el \u00edndice de alimentos.<\/p>\n\n\n\n<h2 class=\"wp-block-heading\">La suba de precios de la verdura puede impactar en la inflaci\u00f3n de mayo<\/h2>\n\n\n\n<p>El&nbsp;<strong>gobierno nacional en pleno<\/strong>&nbsp;<strong>celebr\u00f3&nbsp;<\/strong>que la&nbsp;<strong>inflaci\u00f3n de abril en Argentina<\/strong>&nbsp;fuera de&nbsp;<strong>un d\u00edgito<\/strong>&nbsp;por primera vez desde que Javier Milei es el presidente de la Naci\u00f3n, cargo que asumi\u00f3 en diciembre pasado.<\/p>\n\n\n\n<p><strong>El INDEC (Instituto Nacional de Estad\u00edsticas y Censo) inform\u00f3 el primer martes de mayo que el costo de vida en el cuarto mes del a\u00f1o subi\u00f3 el 8,8%.<\/strong><\/p>\n\n\n\n<p>Sin embargo, el aumento del precio de los vegetales podr\u00eda impactar negativamente en la cifra del quinto mes de 2024.<\/p>\n\n\n\n<p>En Mendoza ya en marzo se hab\u00eda alcanzado un \u00edndice de un solo d\u00edgito y este mes, de acuerdo con que inform\u00f3 la DEIE (Direcci\u00f3n de Estad\u00edsticas e Investigaciones Econ\u00f3micas)&nbsp;<strong>lleg\u00f3 a 7,4%. luego de que en marzo fuera del 9,6%.<\/strong><\/p>\n\n\n\n<p>En el orden nacional en el primer cuatrimestre, el costo de vida subi\u00f3 65%, mientras que en los \u00faltimos doce meses fue del 289,4%. En Mendoza,\u00a0<strong>el acumulado anual es del 57,1% y el intearanual (de abril a abril) lleg\u00f3 al 277,6%.<\/strong><\/p>\n\n\n\n<p><strong>Fuente: www.diariouno.com.ar<\/strong><\/p>\n","protected":false},"excerpt":{"rendered":"<p>La\u00a0ola polar anticipada\u00a0que avanza sobre la\u00a0Argentina\u00a0y tambi\u00e9n\u00a0se siente en Mendoza,\u00a0complic\u00f3 el cultivo de las\u00a0verduras\u00a0que forman parte de los productos claves para la\u00a0canasta b\u00e1sica, como el\u00a0tomate y los morrones, entre otros, lo que dispar\u00f3\u00a0subas que rondan el 200%. El&nbsp;tomate y los pimientos morrones se venden hasta a 8.000 pesos promedio el kilo&nbsp;en algunos barrios porte\u00f1os mientras [&hellip;]<\/p>\n","protected":false},"author":2,"featured_media":7881,"comment_status":"open","ping_status":"open","sticky":false,"template":"","format":"standard","meta":[],"categories":[79],"tags":[],"_links":{"self":[{"href":"https:\/\/pasaenmendoza.com\/index.php?rest_route=\/wp\/v2\/posts\/7880"}],"collection":[{"href":"https:\/\/pasaenmendoza.com\/index.php?rest_route=\/wp\/v2\/posts"}],"about":[{"href":"https:\/\/pasaenmendoza.com\/index.php?rest_route=\/wp\/v2\/types\/post"}],"author":[{"embeddable":true,"href":"https:\/\/pasaenmendoza.com\/index.php?rest_route=\/wp\/v2\/users\/2"}],"replies":[{"embeddable":true,"href":"https:\/\/pasaenmendoza.com\/index.php?rest_route=%2Fwp%2Fv2%2Fcomments&post=7880"}],"version-history":[{"count":1,"href":"https:\/\/pasaenmendoza.com\/index.php?rest_route=\/wp\/v2\/posts\/7880\/revisions"}],"predecessor-version":[{"id":7882,"href":"https:\/\/pasaenmendoza.com\/index.php?rest_route=\/wp\/v2\/posts\/7880\/revisions\/7882"}],"wp:featuredmedia":[{"embeddable":true,"href":"https:\/\/pasaenmendoza.com\/index.php?rest_route=\/wp\/v2\/media\/7881"}],"wp:attachment":[{"href":"https:\/\/pasaenmendoza.com\/index.php?rest_route=%2Fwp%2Fv2%2Fmedia&parent=7880"}],"wp:term":[{"taxonomy":"category","embeddable":true,"href":"https:\/\/pasaenmendoza.com\/index.php?rest_route=%2Fwp%2Fv2%2Fcategories&post=7880"},{"taxonomy":"post_tag","embeddable":true,"href":"https:\/\/pasaenmendoza.com\/index.php?rest_route=%2Fwp%2Fv2%2Ftags&post=7880"}],"curies":[{"name":"wp","href":"https:\/\/api.w.org\/{rel}","templated":true}]}}