{"id":7887,"date":"2024-05-30T00:13:58","date_gmt":"2024-05-29T22:13:58","guid":{"rendered":"https:\/\/pasaenmendoza.com\/?p=7887"},"modified":"2024-05-30T00:13:59","modified_gmt":"2024-05-29T22:13:59","slug":"arranca-la-expo-educativa-2024-en-la-nave-cultural","status":"publish","type":"post","link":"https:\/\/pasaenmendoza.com\/?p=7887","title":{"rendered":"Arranca la Expo Educativa 2024 en la Nave Cultural"},"content":{"rendered":"\n<p>La Nave Cultural de la ciudad de Mendoza ser\u00e1 la sede de la Expo Educativa. Los interesados podr\u00e1n visitarla este jueves 30 y viernes 31 de mayo entre las 9 de la ma\u00f1ana hasta las 6 de la tarde.<\/p>\n\n\n\n<p>Fabiana Molina, secretaria acad\u00e9mica de la UNCuyo, habl\u00f3 en el programa &#8220;Ten\u00e9s que saberlo&#8221; conducido por Gabriel Conte y en los micr\u00f3fonos de Radio Jornada brind\u00f3 detalles de la feria educativa 2024.<\/p>\n\n\n\n<p>En esta doble jornada educativa, los alumnos de cuarto y quinto a\u00f1o de los colegios de la UNCuyo y de la DGE en general, tendr\u00e1n la posibilidad de conocer las carreras de grado que brindar\u00e1 la casa de altos estudios para los pr\u00f3ximos a\u00f1os.<\/p>\n\n\n\n<p>&#8220;La idea de la Expo es que el viisitante pueda encontrar las respuestas a sus expectativas y que marquen un antes, un presente y un despu\u00e9s&#8221; comenz\u00f3 explicando la acad\u00e9mica.<\/p>\n\n\n\n<p>&#8220;En este antes, existe una p\u00e1gina web,&nbsp; que se construy\u00f3 en 2020 cuando la expo no se pod\u00eda hacer presencial, ingresando a www.expoeducativa. edu.ar para que los interesados puedan indagar y encuentren una orientaci\u00f3n para que luego ya en este 30 y 31 de mayo, puedan conseguir algunos datos que les permitan una mayor orientaci\u00f3n sobre qu\u00e9 carrera estudiar de cara al futuro&#8221;<\/p>\n\n\n\n<p>Molina explic\u00f3 que los visitantes encontrar\u00e1n en esta Expo Educativa talleres con capacitaci\u00f3n y orientaci\u00f3n en determinadas carreras, talleres de oficios.<\/p>\n\n\n\n<p>Y a\u00f1adi\u00f3: &#8221; Desde la DGE se han formado gabinetes con el objetivo de conocer el pensamiento de los chicos respecto a la educaci\u00f3n: qu\u00e9 piensan, cu\u00e1les son sus expectativas. Y a partir de ah\u00ed, c\u00f3mo orientar este llamado, porque la vocaci\u00f3n es un llamado, aclar\u00f3.&nbsp;<\/p>\n\n\n\n<p>Al ser consultada sobre si las carreras cortas son m\u00e1s atractivas para los j\u00f3venes estudiantes respecto a las tradicionales, Molina explic\u00f3: &#8220;las carreras cortas, las tecnicaturas de dos a\u00f1os y medios y tres, sin lugar a dudas, son las m\u00e1s buscadas. Porque tienen un horizonte corto de construcci\u00f3n de saberes y habilidades para poder insertarse en el mundo laboral&#8221;.<\/p>\n\n\n\n<p><strong>Fuente: jornadaonline.com<\/strong><\/p>\n","protected":false},"excerpt":{"rendered":"<p>La Nave Cultural de la ciudad de Mendoza ser\u00e1 la sede de la Expo Educativa. Los interesados podr\u00e1n visitarla este jueves 30 y viernes 31 de mayo entre las 9 de la ma\u00f1ana hasta las 6 de la tarde. Fabiana Molina, secretaria acad\u00e9mica de la UNCuyo, habl\u00f3 en el programa &#8220;Ten\u00e9s que saberlo&#8221; conducido por [&hellip;]<\/p>\n","protected":false},"author":2,"featured_media":7888,"comment_status":"open","ping_status":"open","sticky":false,"template":"","format":"standard","meta":[],"categories":[56],"tags":[],"_links":{"self":[{"href":"https:\/\/pasaenmendoza.com\/index.php?rest_route=\/wp\/v2\/posts\/7887"}],"collection":[{"href":"https:\/\/pasaenmendoza.com\/index.php?rest_route=\/wp\/v2\/posts"}],"about":[{"href":"https:\/\/pasaenmendoza.com\/index.php?rest_route=\/wp\/v2\/types\/post"}],"author":[{"embeddable":true,"href":"https:\/\/pasaenmendoza.com\/index.php?rest_route=\/wp\/v2\/users\/2"}],"replies":[{"embeddable":true,"href":"https:\/\/pasaenmendoza.com\/index.php?rest_route=%2Fwp%2Fv2%2Fcomments&post=7887"}],"version-history":[{"count":1,"href":"https:\/\/pasaenmendoza.com\/index.php?rest_route=\/wp\/v2\/posts\/7887\/revisions"}],"predecessor-version":[{"id":7889,"href":"https:\/\/pasaenmendoza.com\/index.php?rest_route=\/wp\/v2\/posts\/7887\/revisions\/7889"}],"wp:featuredmedia":[{"embeddable":true,"href":"https:\/\/pasaenmendoza.com\/index.php?rest_route=\/wp\/v2\/media\/7888"}],"wp:attachment":[{"href":"https:\/\/pasaenmendoza.com\/index.php?rest_route=%2Fwp%2Fv2%2Fmedia&parent=7887"}],"wp:term":[{"taxonomy":"category","embeddable":true,"href":"https:\/\/pasaenmendoza.com\/index.php?rest_route=%2Fwp%2Fv2%2Fcategories&post=7887"},{"taxonomy":"post_tag","embeddable":true,"href":"https:\/\/pasaenmendoza.com\/index.php?rest_route=%2Fwp%2Fv2%2Ftags&post=7887"}],"curies":[{"name":"wp","href":"https:\/\/api.w.org\/{rel}","templated":true}]}}