{"id":7890,"date":"2024-05-30T15:50:40","date_gmt":"2024-05-30T13:50:40","guid":{"rendered":"https:\/\/pasaenmendoza.com\/?p=7890"},"modified":"2024-05-30T15:50:42","modified_gmt":"2024-05-30T13:50:42","slug":"continua-el-buen-tiempo-y-se-vienen-dias-lindos-para-el-fin-de-semana","status":"publish","type":"post","link":"https:\/\/pasaenmendoza.com\/?p=7890","title":{"rendered":"Contin\u00faa el buen tiempo y se vienen d\u00edas lindos para el fin de semana"},"content":{"rendered":"\n<p>Este jueves, se espera un panorama similar al de los \u00faltimos d\u00edas en el\u00a0<strong>Gran Mendoza<\/strong>. Ma\u00f1anas y noches fr\u00edas, tardes templadas ser\u00e1n el escenario de lo que queda de la semana.<\/p>\n\n\n\n<p>El pron\u00f3stico del tiempo indica poca nubosidad con ascenso de la temperatura y vientos leves del este. La&nbsp;<strong>m\u00e1xima<\/strong>&nbsp;se posar\u00e1 en torno a los&nbsp;<strong>17\u00baC&nbsp;<\/strong>y la m\u00ednima ser\u00e1 de 4\u00baC.<\/p>\n\n\n\n<p>El\u00a0<strong>viernes<\/strong>, en tanto, se espera una jornada algo nublada con poco cambio de la temperatura y vientos leves del noreste. Se espera otra jornada inestable en cordillera. La m\u00e1xima\u00a0<strong>rondar\u00e1 los 17\u00baC<\/strong>\u00a0y la m\u00ednima, 5\u00baC.<\/p>\n\n\n\n<p>Para el fin de semana se esperan los cambios: el&nbsp;<strong>s\u00e1bado<\/strong>&nbsp;estar\u00e1 parcialmente nublado con ascenso de la temperatura. Se esperan nevadas en cordillera. La<strong>&nbsp;m\u00e1xima estar\u00e1 en los 20\u00baC<\/strong>&nbsp;y la m\u00ednima ser\u00e1 de 5\u00baC.<\/p>\n\n\n\n<p>En cuanto al domingo, el panorama plantea una jornada m\u00e1s fresca. Se espera un\u00a0<strong>domingo<\/strong>\u00a0parcialmente nublado, ventoso, con descenso de la temperatura y vientos moderados del sector sur. La m\u00e1xima se posar\u00e1 en torno a los\u00a0<strong>14\u00baC\u00a0<\/strong>y la m\u00ednima ser\u00e1 de 6\u00baC.<\/p>\n\n\n\n<p><strong>Fuente: www.mendozapost.com<\/strong><\/p>\n","protected":false},"excerpt":{"rendered":"<p>Este jueves, se espera un panorama similar al de los \u00faltimos d\u00edas en el\u00a0Gran Mendoza. Ma\u00f1anas y noches fr\u00edas, tardes templadas ser\u00e1n el escenario de lo que queda de la semana. El pron\u00f3stico del tiempo indica poca nubosidad con ascenso de la temperatura y vientos leves del este. La&nbsp;m\u00e1xima&nbsp;se posar\u00e1 en torno a los&nbsp;17\u00baC&nbsp;y la [&hellip;]<\/p>\n","protected":false},"author":2,"featured_media":7891,"comment_status":"open","ping_status":"open","sticky":false,"template":"","format":"standard","meta":[],"categories":[52],"tags":[],"_links":{"self":[{"href":"https:\/\/pasaenmendoza.com\/index.php?rest_route=\/wp\/v2\/posts\/7890"}],"collection":[{"href":"https:\/\/pasaenmendoza.com\/index.php?rest_route=\/wp\/v2\/posts"}],"about":[{"href":"https:\/\/pasaenmendoza.com\/index.php?rest_route=\/wp\/v2\/types\/post"}],"author":[{"embeddable":true,"href":"https:\/\/pasaenmendoza.com\/index.php?rest_route=\/wp\/v2\/users\/2"}],"replies":[{"embeddable":true,"href":"https:\/\/pasaenmendoza.com\/index.php?rest_route=%2Fwp%2Fv2%2Fcomments&post=7890"}],"version-history":[{"count":1,"href":"https:\/\/pasaenmendoza.com\/index.php?rest_route=\/wp\/v2\/posts\/7890\/revisions"}],"predecessor-version":[{"id":7892,"href":"https:\/\/pasaenmendoza.com\/index.php?rest_route=\/wp\/v2\/posts\/7890\/revisions\/7892"}],"wp:featuredmedia":[{"embeddable":true,"href":"https:\/\/pasaenmendoza.com\/index.php?rest_route=\/wp\/v2\/media\/7891"}],"wp:attachment":[{"href":"https:\/\/pasaenmendoza.com\/index.php?rest_route=%2Fwp%2Fv2%2Fmedia&parent=7890"}],"wp:term":[{"taxonomy":"category","embeddable":true,"href":"https:\/\/pasaenmendoza.com\/index.php?rest_route=%2Fwp%2Fv2%2Fcategories&post=7890"},{"taxonomy":"post_tag","embeddable":true,"href":"https:\/\/pasaenmendoza.com\/index.php?rest_route=%2Fwp%2Fv2%2Ftags&post=7890"}],"curies":[{"name":"wp","href":"https:\/\/api.w.org\/{rel}","templated":true}]}}