{"id":7893,"date":"2024-05-30T15:55:37","date_gmt":"2024-05-30T13:55:37","guid":{"rendered":"https:\/\/pasaenmendoza.com\/?p=7893"},"modified":"2024-05-30T15:55:38","modified_gmt":"2024-05-30T13:55:38","slug":"un-motociclista-choco-en-la-costanera-y-se-fracturo-una-pierna","status":"publish","type":"post","link":"https:\/\/pasaenmendoza.com\/?p=7893","title":{"rendered":"Un motociclista choc\u00f3 en la Costanera y se fractur\u00f3 una pierna"},"content":{"rendered":"\n<p>Este\u00a0<strong>jueves<\/strong>\u00a0por la ma\u00f1ana se vivieron importantes\u00a0<strong>complicaciones<\/strong>\u00a0de\u00a0<strong>tr\u00e1nsito<\/strong>\u00a0en la\u00a0<strong>Costanera<\/strong>\u00a0debido a un\u00a0<strong>accidente<\/strong>\u00a0vial. All\u00ed,\u00a0<strong>mano al sur<\/strong>\u00a0y a la altura de calle\u00a0<strong>Montecaseros<\/strong>,\u00a0<strong>chocaron<\/strong>\u00a0un<strong>\u00a0auto<\/strong>\u00a0y una<strong>\u00a0moto<\/strong>.<\/p>\n\n\n\n<p>El episodio ocurri\u00f3 a las<strong>&nbsp;8.25 de la ma\u00f1ana&nbsp;<\/strong>en el carril r\u00e1pido, es decir, el de la izquierda de las tres trochas que tiene el viaducto en ese tramo de&nbsp;<strong>Godoy Cruz<\/strong>, justo enfrente del&nbsp;<strong>hipermercado<\/strong>. De acuerdo al relato de los testigos, el conductor de la moto, una TVS de 200 cc., inteng\u00f3 sobrepasar al veh\u00edculo mayor y all\u00ed se produjo el contacto. El hombre que circulaba en la moto cay\u00f3 y sufri\u00f3 varias heridas.&nbsp;<\/p>\n\n\n\n<p>La v\u00edctima asistido en el lugar por la\u00a0<strong>ambulancia<\/strong>\u00a0interno 15 del Servicio de Emergencia Coordinado. A favor del accidentado, al momento del siniestro\u00a0<strong>llevaba el casco<\/strong>\u00a0puesto y eso le permiti\u00f3 no sufrir peores consecuencias. El sujeto fue trasladado al Hospital Santa Isabel de Hungr\u00eda, donde ingres\u00f3 con fractura en el miembro inferior derecho.<\/p>\n\n\n\n<p>En tanto que el conductor del auto, un\u00a0<strong>Volskwagen Gol Country<\/strong>, qued\u00f3 en el lugar hasta tanto personal de Tr\u00e1nsito terminara los peritajes de rigor.<\/p>\n\n\n\n<p><strong>Fuente: www.mendozapost.com<\/strong><\/p>\n","protected":false},"excerpt":{"rendered":"<p>Este\u00a0jueves\u00a0por la ma\u00f1ana se vivieron importantes\u00a0complicaciones\u00a0de\u00a0tr\u00e1nsito\u00a0en la\u00a0Costanera\u00a0debido a un\u00a0accidente\u00a0vial. All\u00ed,\u00a0mano al sur\u00a0y a la altura de calle\u00a0Montecaseros,\u00a0chocaron\u00a0un\u00a0auto\u00a0y una\u00a0moto. El episodio ocurri\u00f3 a las&nbsp;8.25 de la ma\u00f1ana&nbsp;en el carril r\u00e1pido, es decir, el de la izquierda de las tres trochas que tiene el viaducto en ese tramo de&nbsp;Godoy Cruz, justo enfrente del&nbsp;hipermercado. De acuerdo al relato [&hellip;]<\/p>\n","protected":false},"author":2,"featured_media":7894,"comment_status":"open","ping_status":"open","sticky":false,"template":"","format":"standard","meta":[],"categories":[48],"tags":[],"_links":{"self":[{"href":"https:\/\/pasaenmendoza.com\/index.php?rest_route=\/wp\/v2\/posts\/7893"}],"collection":[{"href":"https:\/\/pasaenmendoza.com\/index.php?rest_route=\/wp\/v2\/posts"}],"about":[{"href":"https:\/\/pasaenmendoza.com\/index.php?rest_route=\/wp\/v2\/types\/post"}],"author":[{"embeddable":true,"href":"https:\/\/pasaenmendoza.com\/index.php?rest_route=\/wp\/v2\/users\/2"}],"replies":[{"embeddable":true,"href":"https:\/\/pasaenmendoza.com\/index.php?rest_route=%2Fwp%2Fv2%2Fcomments&post=7893"}],"version-history":[{"count":1,"href":"https:\/\/pasaenmendoza.com\/index.php?rest_route=\/wp\/v2\/posts\/7893\/revisions"}],"predecessor-version":[{"id":7895,"href":"https:\/\/pasaenmendoza.com\/index.php?rest_route=\/wp\/v2\/posts\/7893\/revisions\/7895"}],"wp:featuredmedia":[{"embeddable":true,"href":"https:\/\/pasaenmendoza.com\/index.php?rest_route=\/wp\/v2\/media\/7894"}],"wp:attachment":[{"href":"https:\/\/pasaenmendoza.com\/index.php?rest_route=%2Fwp%2Fv2%2Fmedia&parent=7893"}],"wp:term":[{"taxonomy":"category","embeddable":true,"href":"https:\/\/pasaenmendoza.com\/index.php?rest_route=%2Fwp%2Fv2%2Fcategories&post=7893"},{"taxonomy":"post_tag","embeddable":true,"href":"https:\/\/pasaenmendoza.com\/index.php?rest_route=%2Fwp%2Fv2%2Ftags&post=7893"}],"curies":[{"name":"wp","href":"https:\/\/api.w.org\/{rel}","templated":true}]}}