{"id":7896,"date":"2024-05-30T16:01:05","date_gmt":"2024-05-30T14:01:05","guid":{"rendered":"https:\/\/pasaenmendoza.com\/?p=7896"},"modified":"2024-05-30T16:01:07","modified_gmt":"2024-05-30T14:01:07","slug":"allanamientos-simultaneos-en-las-heras-en-busca-de-personas-con-pedido-de-captura","status":"publish","type":"post","link":"https:\/\/pasaenmendoza.com\/?p=7896","title":{"rendered":"Allanamientos simult\u00e1neos en Las Heras en busca de personas con pedido de captura"},"content":{"rendered":"\n<p>Un megaoperativo despleg\u00f3 la Polic\u00eda de Mendoza este jueves en la zona conocida como&nbsp;<strong>Villa Jun\u00edn, en Las Heras.<\/strong>&nbsp;La acci\u00f3n coordinada entre el Ministerio de Seguridad y el Ministerio P\u00fablico Fiscal incluye&nbsp;<strong>diez allanamientos simult\u00e1neos<\/strong>, en busca de personas con pedido de captura por abusos de armas y robos.<\/p>\n\n\n\n<p><strong>Aproximadamente 70 polic\u00edas<\/strong>\u00a0de Infanter\u00eda y de la Divisi\u00f3n\u00a0Robos y Hurtos participan del procedimiento. En el lugar tambi\u00e9n se hizo presente el fiscal de Robos, Hurtos y Sustracci\u00f3n de Automotores,\u00a0<strong>Oscar Malla.<\/strong><\/p>\n\n\n\n<p>Se trata del tercer operativo de magnitud realizado en los \u00faltimos meses en el Gran Mendoza. El primero se desarroll\u00f3 el 12 de marzo en\u00a0el barrio Campo Papa y alrededores del oeste de Godoy Cruz\u00a0y luego, el 16 de mayo, tuvo lugar en\u00a0El Algarrobal, Las Heras.<\/p>\n\n\n\n<p><em>\u201cEs una pol\u00edtica que hemos implementado en conjunto con el Ministerio P\u00fablico Fiscal y que nos ha permitido, por ejemplo, en estos primeros cinco meses llevar a cabo la mayor cantidad de allanamientos en el menor plazo de la historia de Mendoza\u201d<\/em>, explic\u00f3 este mi\u00e9rcoles la ministra de Seguridad, Mercedes Rus, en una reuni\u00f3n con militantes en Maip\u00fa.<\/p>\n\n\n\n<p><strong>Fuente: www.elsol.com.ar<\/strong><\/p>\n","protected":false},"excerpt":{"rendered":"<p>Un megaoperativo despleg\u00f3 la Polic\u00eda de Mendoza este jueves en la zona conocida como&nbsp;Villa Jun\u00edn, en Las Heras.&nbsp;La acci\u00f3n coordinada entre el Ministerio de Seguridad y el Ministerio P\u00fablico Fiscal incluye&nbsp;diez allanamientos simult\u00e1neos, en busca de personas con pedido de captura por abusos de armas y robos. Aproximadamente 70 polic\u00edas\u00a0de Infanter\u00eda y de la Divisi\u00f3n\u00a0Robos [&hellip;]<\/p>\n","protected":false},"author":2,"featured_media":7897,"comment_status":"open","ping_status":"open","sticky":false,"template":"","format":"standard","meta":[],"categories":[48],"tags":[],"_links":{"self":[{"href":"https:\/\/pasaenmendoza.com\/index.php?rest_route=\/wp\/v2\/posts\/7896"}],"collection":[{"href":"https:\/\/pasaenmendoza.com\/index.php?rest_route=\/wp\/v2\/posts"}],"about":[{"href":"https:\/\/pasaenmendoza.com\/index.php?rest_route=\/wp\/v2\/types\/post"}],"author":[{"embeddable":true,"href":"https:\/\/pasaenmendoza.com\/index.php?rest_route=\/wp\/v2\/users\/2"}],"replies":[{"embeddable":true,"href":"https:\/\/pasaenmendoza.com\/index.php?rest_route=%2Fwp%2Fv2%2Fcomments&post=7896"}],"version-history":[{"count":1,"href":"https:\/\/pasaenmendoza.com\/index.php?rest_route=\/wp\/v2\/posts\/7896\/revisions"}],"predecessor-version":[{"id":7898,"href":"https:\/\/pasaenmendoza.com\/index.php?rest_route=\/wp\/v2\/posts\/7896\/revisions\/7898"}],"wp:featuredmedia":[{"embeddable":true,"href":"https:\/\/pasaenmendoza.com\/index.php?rest_route=\/wp\/v2\/media\/7897"}],"wp:attachment":[{"href":"https:\/\/pasaenmendoza.com\/index.php?rest_route=%2Fwp%2Fv2%2Fmedia&parent=7896"}],"wp:term":[{"taxonomy":"category","embeddable":true,"href":"https:\/\/pasaenmendoza.com\/index.php?rest_route=%2Fwp%2Fv2%2Fcategories&post=7896"},{"taxonomy":"post_tag","embeddable":true,"href":"https:\/\/pasaenmendoza.com\/index.php?rest_route=%2Fwp%2Fv2%2Ftags&post=7896"}],"curies":[{"name":"wp","href":"https:\/\/api.w.org\/{rel}","templated":true}]}}