{"id":7899,"date":"2024-05-30T16:17:04","date_gmt":"2024-05-30T14:17:04","guid":{"rendered":"https:\/\/pasaenmendoza.com\/?p=7899"},"modified":"2024-05-30T16:17:06","modified_gmt":"2024-05-30T14:17:06","slug":"la-incomoda-situacion-en-la-que-quedo-omar-de-marchi-tras-la-salida-de-posse-del-gobierno","status":"publish","type":"post","link":"https:\/\/pasaenmendoza.com\/?p=7899","title":{"rendered":"La inc\u00f3moda situaci\u00f3n en la que qued\u00f3 Omar De Marchi tras la salida de Posse del Gobierno"},"content":{"rendered":"\n<p>El lujanino le respond\u00eda directamente al Jefe de Gabinete y algunos lo responsabilizan por la falta de apoyo a la Ley Bases en el Senado. Su futuro depende de Guillermo Francos y Javier Milei.<\/p>\n\n\n\n<p><strong>Omar De Marchi<\/strong>\u00a0es un animal pol\u00edtico con extensa trayectoria. Como secretario de Relaciones Parlamentarias se le dio la misi\u00f3n de lograr acuerdos para que se apruebe la Ley Bases, pero los resultados no fueron los esperados. A seis meses de asumir como presidente, Javier Milei no ha conseguido que el Congreso le apruebe ning\u00fan proyecto de ley. Es cierto que la tarea que se le encomend\u00f3 al lujanino era compleja por la poca representaci\u00f3n del oficialismo en ambas c\u00e1maras, pero algunos quieren dejarle la factura por debajo de la puerta. Su jefe directo era el exjefe de Gabinete, Nicol\u00e1s Posse y ahora ser\u00e1\u00a0<strong>Guillermo Francos\u00a0<\/strong>quien definir\u00e1 el rol del excandidato a gobernador de Mendoza. Con la venia del presidente, con quien De Marchi tiene buena relaci\u00f3n.<\/p>\n\n\n\n<p>Anoche\u00a0<strong>Guillermo Francos\u00a0<\/strong>se encarg\u00f3 en persona de garantizar las firmas para sacar dictamen y que la Ley Bases y el Paquete Fiscal se traten en el recinto. Entre ellos, logr\u00f3 la\u00a0firma\u00a0en disidencia de Guadalupe Tagliaferri, senadora del PRO vinculada a Horacio Rodr\u00edguez Larreta. Es decir, Francos logr\u00f3 lo que\u00a0<strong>Omar De Marchi<\/strong>, pese a su trayectoria en el PRO y su cercan\u00eda con Rodr\u00edguez Larreta, no pudo.<\/p>\n\n\n\n<p>Pero m\u00e1s all\u00e1 de todo, a\u00fan est\u00e1 fresca en la memoria la media sanci\u00f3n que ambas leyes obtuvieron en la C\u00e1mara de Diputados y la imagen de Karina Milei,\u00a0<strong>Omar De Marchi<\/strong>\u00a0y Guillermo Francos juntos en un palco celebrando la aprobaci\u00f3n. Fue reci\u00e9n cuando se empantan\u00f3 la negociaci\u00f3n en el Senado que comenzaron a escucharse algunos comentarios contra la eficiencia del mendocino.<\/p>\n\n\n\n<p>Sin embargo, la suerte de\u00a0<strong>Omar De Marchi\u00a0<\/strong>no est\u00e1 echada. Si bien reportaba a Nicol\u00e1s Posse, no gracias a \u00e9l a ese\u00a0cargo. Fue el propio presidente, Javier Milei, el que convoc\u00f3 a De Marchi. Ambos coincidieron en el Congreso dos a\u00f1os como diputados nacionales y se teji\u00f3 una buena relaci\u00f3n por lo que Milei dispuso que De Marchi aterrice en la gesti\u00f3n como Secretario de Relaciones Parlamentarias.<\/p>\n\n\n\n<p>Por otro lado,\u00a0<strong>Guillermo Francos\u00a0<\/strong>est\u00e1 estrechamente vinculado al Partido Dem\u00f3crata y en Mendoza el PD forj\u00f3 una alianza con el demarchismo que, pese a que existen tensiones, al d\u00eda de hoy se mantiene. All\u00ed aparece la figura de Carlos Balter, hist\u00f3rico dirigente y presidente del Partido Dem\u00f3crata, con qui\u00e9n De Marchi ha tenido una relaci\u00f3n cambiante. Balter es amigo de Francos. Fue su ladero durante su visita a Mendoza por la Fiesta Nacional de la Vendimia. Pero en pol\u00edtica -todos ellos lo saben bien-\u00a0hay cosas m\u00e1s importantes que las amistades.\u00a0<\/p>\n\n\n\n<p>La figura de\u00a0<strong>De Marchi<\/strong>\u00a0incomoda al radicalismo de Mendoza. Especialmente le crispa los \u00e1nimos al gobernador Alfredo Cornejo y\u00a0en la Casa Rosada lo \u00faltimo que quieren es tener problemas con un gobernador que, junto a sus legisladores nacionales, viene acompa\u00f1ando casi sin cuestionamientos el rumbo que ha trazado Javier Milei.\u00a0<\/p>\n\n\n\n<p>FUENTE: MDZonline.<\/p>\n","protected":false},"excerpt":{"rendered":"<p>El lujanino le respond\u00eda directamente al Jefe de Gabinete y algunos lo responsabilizan por la falta de apoyo a la Ley Bases en el Senado. Su futuro depende de Guillermo Francos y Javier Milei. Omar De Marchi\u00a0es un animal pol\u00edtico con extensa trayectoria. Como secretario de Relaciones Parlamentarias se le dio la misi\u00f3n de lograr [&hellip;]<\/p>\n","protected":false},"author":2,"featured_media":7901,"comment_status":"open","ping_status":"open","sticky":true,"template":"","format":"standard","meta":[],"categories":[47],"tags":[],"_links":{"self":[{"href":"https:\/\/pasaenmendoza.com\/index.php?rest_route=\/wp\/v2\/posts\/7899"}],"collection":[{"href":"https:\/\/pasaenmendoza.com\/index.php?rest_route=\/wp\/v2\/posts"}],"about":[{"href":"https:\/\/pasaenmendoza.com\/index.php?rest_route=\/wp\/v2\/types\/post"}],"author":[{"embeddable":true,"href":"https:\/\/pasaenmendoza.com\/index.php?rest_route=\/wp\/v2\/users\/2"}],"replies":[{"embeddable":true,"href":"https:\/\/pasaenmendoza.com\/index.php?rest_route=%2Fwp%2Fv2%2Fcomments&post=7899"}],"version-history":[{"count":1,"href":"https:\/\/pasaenmendoza.com\/index.php?rest_route=\/wp\/v2\/posts\/7899\/revisions"}],"predecessor-version":[{"id":7902,"href":"https:\/\/pasaenmendoza.com\/index.php?rest_route=\/wp\/v2\/posts\/7899\/revisions\/7902"}],"wp:featuredmedia":[{"embeddable":true,"href":"https:\/\/pasaenmendoza.com\/index.php?rest_route=\/wp\/v2\/media\/7901"}],"wp:attachment":[{"href":"https:\/\/pasaenmendoza.com\/index.php?rest_route=%2Fwp%2Fv2%2Fmedia&parent=7899"}],"wp:term":[{"taxonomy":"category","embeddable":true,"href":"https:\/\/pasaenmendoza.com\/index.php?rest_route=%2Fwp%2Fv2%2Fcategories&post=7899"},{"taxonomy":"post_tag","embeddable":true,"href":"https:\/\/pasaenmendoza.com\/index.php?rest_route=%2Fwp%2Fv2%2Ftags&post=7899"}],"curies":[{"name":"wp","href":"https:\/\/api.w.org\/{rel}","templated":true}]}}