{"id":7903,"date":"2024-05-30T16:20:33","date_gmt":"2024-05-30T14:20:33","guid":{"rendered":"https:\/\/pasaenmendoza.com\/?p=7903"},"modified":"2024-05-30T16:20:35","modified_gmt":"2024-05-30T14:20:35","slug":"boletin-oficial-mas-cambios-en-el-ministerio-de-educacion","status":"publish","type":"post","link":"https:\/\/pasaenmendoza.com\/?p=7903","title":{"rendered":"Bolet\u00edn Oficial: m\u00e1s cambios en el Ministerio de Educaci\u00f3n"},"content":{"rendered":"\n<p>Se formalizaron una salida y un nombramiento en la cartera a cargo de Tadeo Garc\u00eda Zalazar.<\/p>\n\n\n\n<p>El Gobierno de&nbsp;<strong>Alfredo Cornejo<\/strong>&nbsp;oficializ\u00f3 la designaci\u00f3n y renuncias de autoridades en el Ministerio de Educaci\u00f3n, Cultura Infancias y DGE a cargo de&nbsp;<strong>Tadeo Garc\u00eda Zalazar<\/strong>. Los anuncios fueron publicados en el Bolet\u00edn Oficial.<\/p>\n\n\n\n<p>En primer lugar, a trav\u00e9s del decreto 1047, expresa la renuncia de&nbsp;<strong>Francisco Eg\u00fces&nbsp;<\/strong>como Director de Asuntos Jur\u00eddicos de la Subsecretar\u00eda de Cultura.<\/p>\n\n\n\n<p>Mientras que el decreto 1049 design\u00f3 a\u00a0<strong>Eduardo Cabrera<\/strong>\u00a0como titular de\u00a0 Planificaci\u00f3n de Infraestructura Educativa de la Subsecretar\u00eda de Infraestructura Escolar, Cultural y de Infancias.<\/p>\n\n\n\n<p>FUENTE: Elsol.com.ar <\/p>\n","protected":false},"excerpt":{"rendered":"<p>Se formalizaron una salida y un nombramiento en la cartera a cargo de Tadeo Garc\u00eda Zalazar. El Gobierno de&nbsp;Alfredo Cornejo&nbsp;oficializ\u00f3 la designaci\u00f3n y renuncias de autoridades en el Ministerio de Educaci\u00f3n, Cultura Infancias y DGE a cargo de&nbsp;Tadeo Garc\u00eda Zalazar. Los anuncios fueron publicados en el Bolet\u00edn Oficial. En primer lugar, a trav\u00e9s del decreto [&hellip;]<\/p>\n","protected":false},"author":2,"featured_media":7904,"comment_status":"open","ping_status":"open","sticky":true,"template":"","format":"standard","meta":[],"categories":[47],"tags":[],"_links":{"self":[{"href":"https:\/\/pasaenmendoza.com\/index.php?rest_route=\/wp\/v2\/posts\/7903"}],"collection":[{"href":"https:\/\/pasaenmendoza.com\/index.php?rest_route=\/wp\/v2\/posts"}],"about":[{"href":"https:\/\/pasaenmendoza.com\/index.php?rest_route=\/wp\/v2\/types\/post"}],"author":[{"embeddable":true,"href":"https:\/\/pasaenmendoza.com\/index.php?rest_route=\/wp\/v2\/users\/2"}],"replies":[{"embeddable":true,"href":"https:\/\/pasaenmendoza.com\/index.php?rest_route=%2Fwp%2Fv2%2Fcomments&post=7903"}],"version-history":[{"count":1,"href":"https:\/\/pasaenmendoza.com\/index.php?rest_route=\/wp\/v2\/posts\/7903\/revisions"}],"predecessor-version":[{"id":7905,"href":"https:\/\/pasaenmendoza.com\/index.php?rest_route=\/wp\/v2\/posts\/7903\/revisions\/7905"}],"wp:featuredmedia":[{"embeddable":true,"href":"https:\/\/pasaenmendoza.com\/index.php?rest_route=\/wp\/v2\/media\/7904"}],"wp:attachment":[{"href":"https:\/\/pasaenmendoza.com\/index.php?rest_route=%2Fwp%2Fv2%2Fmedia&parent=7903"}],"wp:term":[{"taxonomy":"category","embeddable":true,"href":"https:\/\/pasaenmendoza.com\/index.php?rest_route=%2Fwp%2Fv2%2Fcategories&post=7903"},{"taxonomy":"post_tag","embeddable":true,"href":"https:\/\/pasaenmendoza.com\/index.php?rest_route=%2Fwp%2Fv2%2Ftags&post=7903"}],"curies":[{"name":"wp","href":"https:\/\/api.w.org\/{rel}","templated":true}]}}