{"id":7909,"date":"2024-05-30T16:31:19","date_gmt":"2024-05-30T14:31:19","guid":{"rendered":"https:\/\/pasaenmendoza.com\/?p=7909"},"modified":"2024-05-30T16:31:20","modified_gmt":"2024-05-30T14:31:20","slug":"la-lider-de-ampros-viajo-a-suiza-para-reclamar-ante-la-oit-por-la-ley-de-tope-salarial","status":"publish","type":"post","link":"https:\/\/pasaenmendoza.com\/?p=7909","title":{"rendered":"La l\u00edder de AMPROS viaj\u00f3 a Suiza para reclamar ante la OIT por la Ley de Tope Salarial"},"content":{"rendered":"\n<p><strong>Claudia Iturbe<\/strong>\u00a0presentar\u00e1 un recurso formal ante la\u00a0<strong>Organizaci\u00f3n Internacional del Trabajo<\/strong>\u00a0contra la ley que la Suprema Corte ya declar\u00f3 constitucional<\/p>\n\n\n\n<p><strong>Claudia Iturbe<\/strong>, secretaria general de\u00a0<strong>AMPROS<\/strong>, el gremio que re\u00fane a los profesionales de la Salud, viaj\u00f3 a Buenos Aires, desde donde<strong>\u00a0parti\u00f3 rumbo a Suiza para presentar ante la Organizaci\u00f3n Internacional del Trabajo (OIT)<\/strong>\u00a0un recurso\u00a0<strong>contra la ley de Tope Salarial,\u00a0<\/strong>que fue declarada constitucional en Mendoza por la Suprema Corte de Justicia el a\u00f1o pasado.<\/p>\n\n\n\n<p>La gremialista buscar\u00e1 apoyo internacional en la organizaci\u00f3n que ya ha afirmado que normativas como la que se aplica en la provincia tienden &#8220;a&nbsp;<strong>restringir el \u00e1mbito de las negociaciones colectivas<\/strong>&nbsp;y modifica convenios colectivos vigentes&#8221;.<\/p>\n\n\n\n<p>La\u00a0<strong>Ley de Tope Salarial<\/strong>\u00a0fue sancionada durante el Gobierno de Francisco P\u00e9rez y desde entonces ha mantenido su vigencia. AMPROS la atac\u00f3 en la Justicia pero hace un a\u00f1o la sala de\u00a0<strong>Julio G\u00f3mez, Pedro Llorente y Jos\u00e9 Valerio aval\u00f3 su constitucionalidad<\/strong>.<\/p>\n\n\n\n<p>Lo que dice Iturbe es que, m\u00e1s all\u00e1 de si es constitucional o no,\u00a0<strong>la norma atenta contra la Salud P\u00fablica porque los profesionales con m\u00e1s carga horaria en el \u00e1mbito p\u00fablico optan por irse de la provincia<\/strong>\u00a0ante la p\u00e9rdida del poder adquisitivo.<\/p>\n\n\n\n<h2 class=\"wp-block-heading\">Las excepciones a la Ley de Tope Salarial<\/h2>\n\n\n\n<p>La Ley N\u00ba 8.727 que sancion\u00f3 Francisco P\u00e9rez en el 2014 establece topes a las remuneraciones de funcionarios, empleados o contratados, que presten servicios en el \u00e1mbito del Poder Ejecutivo, Legislativo y Judicial, abarcando la Administraci\u00f3n P\u00fablica Central.<\/p>\n\n\n\n<p>Tras el aval de la Corte, durante el \u00faltimo a\u00f1o de gesti\u00f3n de Rodolfo Suarez,\u00a0<strong>el Ejecutivo exceptu\u00f3 del tope salarial (pueden cobrar m\u00e1s que el gobernador) por decreto a 24 profesionales m\u00e9dicos de distintos centros asistenciales\u00a0<\/strong>por &#8220;la necesidad de asegurar la continuidad de la prestaci\u00f3n de servicios en especialidades en las que el recurso humano es cr\u00edtico&#8221;.<\/p>\n\n\n\n<p>El cuestionamiento de AMPROS a las excepciones es que las mismas se decretan &#8220;a dedo&#8221;.<\/p>\n\n\n\n<h2 class=\"wp-block-heading\">El reclamo por el paquete de Salud de Alfredo Cornejo<\/h2>\n\n\n\n<p>Mientras Iturbe aguarda por su viaje a Ginebra, el gremio que protege a los profesionales de la Salud se manifest\u00f3 este mi\u00e9rcoles en Mendoza. La convocatoria fue en la Legislatura provincial para luego trasladar la protesta a la Casa de Gobierno.<\/p>\n\n\n\n<p>El\u00a0<strong>secretario adjunto de AMPROS Daniel Gim\u00e9nez<\/strong>, que encabez\u00f3 la medida, dijo que la misma se adopt\u00f3 en repudio de<strong>\u00a0la ley que crea un R\u00e9gimen Especial para profesionales m\u00e9dicos con modificaciones en materia salarial<\/strong>.<\/p>\n\n\n\n<p>Y particularmente hoy,&nbsp;<strong>contra el proyecto de ley que regula las funciones de los licenciados en Enfermer\u00eda<\/strong>, que ya fue aprobado en el Senado y debe ser tratado por la C\u00e1mara de Diputados en revisi\u00f3n.<\/p>\n\n\n\n<p>Esta norma iba a ser tratada este mi\u00e9rcoles en la Legislatura&nbsp;<strong>pero se pas\u00f3 a un cuarto intermedio<\/strong>&nbsp;para la semana que viene.<\/p>\n\n\n\n<p>Respecto del paquete normativo de leyes de Salud que se fueron tratando en la Legislatura provincial, AMPROS se\u00f1al\u00f3 a\u00a0<strong>Diario UNO<\/strong>\u00a0que una vez publicado en el Bolet\u00edn Oficial el mismo no solo ser\u00e1 cuestionado por inconstitucional ante la Justicia local sino que tambi\u00e9n\u00a0<strong>se elevar\u00e1 una queja ante la Organizaci\u00f3n Internacional del Trabajo<\/strong>.<\/p>\n\n\n\n<p>FUENTE: Diariouno.com.ar <\/p>\n","protected":false},"excerpt":{"rendered":"<p>Claudia Iturbe\u00a0presentar\u00e1 un recurso formal ante la\u00a0Organizaci\u00f3n Internacional del Trabajo\u00a0contra la ley que la Suprema Corte ya declar\u00f3 constitucional Claudia Iturbe, secretaria general de\u00a0AMPROS, el gremio que re\u00fane a los profesionales de la Salud, viaj\u00f3 a Buenos Aires, desde donde\u00a0parti\u00f3 rumbo a Suiza para presentar ante la Organizaci\u00f3n Internacional del Trabajo (OIT)\u00a0un recurso\u00a0contra la ley [&hellip;]<\/p>\n","protected":false},"author":2,"featured_media":7910,"comment_status":"open","ping_status":"open","sticky":true,"template":"","format":"standard","meta":[],"categories":[47],"tags":[],"_links":{"self":[{"href":"https:\/\/pasaenmendoza.com\/index.php?rest_route=\/wp\/v2\/posts\/7909"}],"collection":[{"href":"https:\/\/pasaenmendoza.com\/index.php?rest_route=\/wp\/v2\/posts"}],"about":[{"href":"https:\/\/pasaenmendoza.com\/index.php?rest_route=\/wp\/v2\/types\/post"}],"author":[{"embeddable":true,"href":"https:\/\/pasaenmendoza.com\/index.php?rest_route=\/wp\/v2\/users\/2"}],"replies":[{"embeddable":true,"href":"https:\/\/pasaenmendoza.com\/index.php?rest_route=%2Fwp%2Fv2%2Fcomments&post=7909"}],"version-history":[{"count":1,"href":"https:\/\/pasaenmendoza.com\/index.php?rest_route=\/wp\/v2\/posts\/7909\/revisions"}],"predecessor-version":[{"id":7911,"href":"https:\/\/pasaenmendoza.com\/index.php?rest_route=\/wp\/v2\/posts\/7909\/revisions\/7911"}],"wp:featuredmedia":[{"embeddable":true,"href":"https:\/\/pasaenmendoza.com\/index.php?rest_route=\/wp\/v2\/media\/7910"}],"wp:attachment":[{"href":"https:\/\/pasaenmendoza.com\/index.php?rest_route=%2Fwp%2Fv2%2Fmedia&parent=7909"}],"wp:term":[{"taxonomy":"category","embeddable":true,"href":"https:\/\/pasaenmendoza.com\/index.php?rest_route=%2Fwp%2Fv2%2Fcategories&post=7909"},{"taxonomy":"post_tag","embeddable":true,"href":"https:\/\/pasaenmendoza.com\/index.php?rest_route=%2Fwp%2Fv2%2Ftags&post=7909"}],"curies":[{"name":"wp","href":"https:\/\/api.w.org\/{rel}","templated":true}]}}