{"id":7914,"date":"2024-05-30T23:39:28","date_gmt":"2024-05-30T21:39:28","guid":{"rendered":"https:\/\/pasaenmendoza.com\/?p=7914"},"modified":"2024-05-30T23:46:03","modified_gmt":"2024-05-30T21:46:03","slug":"gaston-alto-tuvo-una-despedida-acorde-a-su-trayectoria-en-el-wtt-contender-mendoza-2024","status":"publish","type":"post","link":"https:\/\/pasaenmendoza.com\/?p=7914","title":{"rendered":"Gast\u00f3n Alto tuvo una despedida acorde a su trayectoria en el WTT Contender Mendoza 2024"},"content":{"rendered":"\n<p><strong>Gast\u00f3n Alto<\/strong>, uno de los grandes deportistas de Mendoza en los \u00faltimos tiempos, tuvo una despedida acorde a su notable trayectoria en el tenis de mesa nacional e internacional en el marco del&nbsp;<strong>WTT Contender Mendoza 2024<\/strong>.<\/p>\n\n\n\n<p>El experimentado tenismesista continuar\u00e1 su carrera como entrenador de la selecci\u00f3n nacional, pero antes tuvo la oportunidad de jugar&nbsp;<strong>su \u00faltimo torneo en Mendoza<\/strong>&nbsp;y en el circuito de World Table Tennis. Incluso este jueves competir\u00e1&nbsp;<strong>en dobles con su hijo Luciano.<\/strong><\/p>\n\n\n\n<p>&#8220;Es una sorpresa grata para m\u00ed, tener a tanta gente ac\u00e1, no lo esperaba. Primero que nada, muchas gracias. Despu\u00e9s, con respecto a mi \u00faltima competencia, orgulloso de hacerla ac\u00e1 en mi provincia.&nbsp;<strong>Siempre defend\u00ed los colores de mi provincia, de mi club y de mi selecci\u00f3n. Y lo voy a seguir haciendo en otro rol,&nbsp;<\/strong>en el rol de t\u00e9cnico. Fue un orgullo poder jugar delante de mis padres, de mi hijo, de la madre de mi hijo, de mis amigos, de los aficionados del tenis de mesa que tenemos en la provincia, en el pa\u00eds. Nunca hab\u00eda tenido esa oportunidad en mi carrera. As\u00ed que, bueno, si bien ayer perd\u00ed, se podr\u00eda decir, f\u00e1cil. Dejamos todo en la mesa y lo he disfrutado mucho, que es lo m\u00e1s importante&#8221;, dijo Alto en la conferencia que cont\u00f3 con la presencia del Subsecretario de Deportes, Federico Chapeta, el Presidente de la Federaci\u00f3n Argentina de Tenis de Mesa, Fernando Costre, el Secretario de Deportes de la Provincia de San Juan, y ex tenismesista, Pablo Tabachnik, entre otros invitados.<\/p>\n\n\n\n<p>&#8220;Era mi objetivo tratar de seguir involucrado en el deporte. No sab\u00eda en qu\u00e9 rol me iba a tocar.<strong>&nbsp;Yo quer\u00eda ser t\u00e9cnico en alg\u00fan momento del seleccionado mayor, de un club, de lo que sea.&nbsp;<\/strong>Me toca el seleccionado mayor que justo voy a dirigir a excompa\u00f1eros y amigos en el deporte. As\u00ed que, bueno, me siento realmente muy feliz. Creo que el cambio lo he meditado r\u00e1pidamente y no s\u00e9 si todav\u00eda no caigo o estoy muy bien decidido a cumplir mi rol de t\u00e9cnico, que es lo que me gusta hacer&#8221;, cont\u00f3 el deportista.<\/p>\n\n\n\n<p>Gast\u00f3n tuvo tiempo para analizar la actualidad del tenis de mesa en Mendoza: &#8220;El tenis de mesa en la provincia ha ido evolucionando. Hay m\u00e1s jugadores. No s\u00e9 si hay m\u00e1s nivel, pero hay cantidad. Se han abierto en varios polideportivos, se juega en varios clubes. Pero para dar el salto, cruzar a Europa se nos hace muy costoso por la situaci\u00f3n que vive el pa\u00eds, y se hace un poquito dif\u00edcil ir a una competencia sudamericana, que son claves en edades menores. Pero bueno,\u00a0<strong>hay cantidad de jugadores, hay buenos entrenadores, gente que le dedica much\u00edsimo tiempo a la ense\u00f1anza, por poco dinero y m\u00e1s por el amor al deporte<\/strong>, as\u00ed que se valora mucho, pero sin duda que si pudi\u00e9ramos invertir un poquito m\u00e1s en los chicos nos ir\u00eda much\u00edsimo mejor&#8221;.<\/p>\n\n\n\n<p>&#8220;Tengo alegr\u00eda de ver a mi familia ac\u00e1, a ver a mi sobrina, a mi mam\u00e1, a mi pap\u00e1, a mi hermano que me acompa\u00f1\u00f3 por tantos a\u00f1os,<strong>&nbsp;ver a Pablo Tabachnik que es un hermano del coraz\u00f3n, que me ense\u00f1\u00f3 un mont\u00f3n de cosas, me ense\u00f1\u00f3 a competir&nbsp;<\/strong>y me acompa\u00f1\u00f3 cuando yo crec\u00ed en la selecci\u00f3n. Me acuerdo que con 16 a\u00f1os dorm\u00ed con \u00e9l en el primer torneo mayor y desde ah\u00ed, bueno, entrenamos juntos y aprend\u00ed un mont\u00f3n de cosas de \u00e9l, hoy tenerlo ac\u00e1, para m\u00ed es un honor, Pablo, y te agradezco el gesto&#8221;, dijo emocionado Alto en la conferencia previa al homenaje que se realiz\u00f3 dentro del Aconcagua Arena.<\/p>\n\n\n\n<p><strong>Fuente: www.diariouno.com.ar<\/strong><\/p>\n","protected":false},"excerpt":{"rendered":"<p>Gast\u00f3n Alto, uno de los grandes deportistas de Mendoza en los \u00faltimos tiempos, tuvo una despedida acorde a su notable trayectoria en el tenis de mesa nacional e internacional en el marco del&nbsp;WTT Contender Mendoza 2024. El experimentado tenismesista continuar\u00e1 su carrera como entrenador de la selecci\u00f3n nacional, pero antes tuvo la oportunidad de jugar&nbsp;su [&hellip;]<\/p>\n","protected":false},"author":2,"featured_media":7915,"comment_status":"open","ping_status":"open","sticky":false,"template":"","format":"standard","meta":[],"categories":[81],"tags":[],"_links":{"self":[{"href":"https:\/\/pasaenmendoza.com\/index.php?rest_route=\/wp\/v2\/posts\/7914"}],"collection":[{"href":"https:\/\/pasaenmendoza.com\/index.php?rest_route=\/wp\/v2\/posts"}],"about":[{"href":"https:\/\/pasaenmendoza.com\/index.php?rest_route=\/wp\/v2\/types\/post"}],"author":[{"embeddable":true,"href":"https:\/\/pasaenmendoza.com\/index.php?rest_route=\/wp\/v2\/users\/2"}],"replies":[{"embeddable":true,"href":"https:\/\/pasaenmendoza.com\/index.php?rest_route=%2Fwp%2Fv2%2Fcomments&post=7914"}],"version-history":[{"count":2,"href":"https:\/\/pasaenmendoza.com\/index.php?rest_route=\/wp\/v2\/posts\/7914\/revisions"}],"predecessor-version":[{"id":7918,"href":"https:\/\/pasaenmendoza.com\/index.php?rest_route=\/wp\/v2\/posts\/7914\/revisions\/7918"}],"wp:featuredmedia":[{"embeddable":true,"href":"https:\/\/pasaenmendoza.com\/index.php?rest_route=\/wp\/v2\/media\/7915"}],"wp:attachment":[{"href":"https:\/\/pasaenmendoza.com\/index.php?rest_route=%2Fwp%2Fv2%2Fmedia&parent=7914"}],"wp:term":[{"taxonomy":"category","embeddable":true,"href":"https:\/\/pasaenmendoza.com\/index.php?rest_route=%2Fwp%2Fv2%2Fcategories&post=7914"},{"taxonomy":"post_tag","embeddable":true,"href":"https:\/\/pasaenmendoza.com\/index.php?rest_route=%2Fwp%2Fv2%2Ftags&post=7914"}],"curies":[{"name":"wp","href":"https:\/\/api.w.org\/{rel}","templated":true}]}}