{"id":7919,"date":"2024-05-30T23:51:09","date_gmt":"2024-05-30T21:51:09","guid":{"rendered":"https:\/\/pasaenmendoza.com\/?p=7919"},"modified":"2024-05-30T23:51:10","modified_gmt":"2024-05-30T21:51:10","slug":"lanzaran-becas-para-estudiantes-mendocinos-a-que-carreras-apuntaran","status":"publish","type":"post","link":"https:\/\/pasaenmendoza.com\/?p=7919","title":{"rendered":"Lanzar\u00e1n becas para estudiantes mendocinos: a qu\u00e9 carreras apuntar\u00e1n"},"content":{"rendered":"\n<p>Durante la presentaci\u00f3n de la<strong>\u00a0Expo Educativa 2024<\/strong>, el ministro de Educaci\u00f3n, Cultura, Infancias y DGE,\u00a0<strong>Tadeo Garc\u00eda Zalazar<\/strong>, adelant\u00f3 que lanzar\u00e1 un sistema de becas para estudiantes que elijan profesorados espec\u00edficos.<\/p>\n\n\n\n<p>\u201cNecesitamos que m\u00e1s j\u00f3venes estudien la carrera de profesorado, sobre todo los vinculados&nbsp;<strong>a la Matem\u00e1tica, Qu\u00edmica y F\u00edsica<\/strong>. Vamos a estar largando dentro de un mes una convocatoria a becas para los que est\u00e1n cursando puedan acceder a este beneficio provincial, complementaria a la que hay de otros programas nacionales o municipales, el a\u00f1o que viene\u201d, adelant\u00f3.<\/p>\n\n\n\n<p>Y agreg\u00f3 sobre la Expo: \u201cLa oferta es muy variada y muchas opciones tienen modalidad virtual\u201d.<\/p>\n\n\n\n<h2 class=\"wp-block-heading\" id=\"h-la-expo\">La Expo<\/h2>\n\n\n\n<p><strong>La Expo Educativa Mendoza 2024<\/strong>, el evento estudiantil que re\u00fane la&nbsp;<strong>oferta acad\u00e9mica de nivel superior<\/strong>, inici\u00f3&nbsp;este jueves y continuar\u00e1 hasta el viernes, de 9 a 18, en el complejo de las Naves (Nave Cultural, Nave UNCuyo y Nave Creativa).<\/p>\n\n\n\n<p>En el encuentro se podr\u00e1 explorar\u00a0de forma gratuita, en un s\u00f3lo lugar, las\u00a0universidades,\u00a0<strong>institutos y otros espacios acad\u00e9micos, junto con sus facultades, carreras y programas.<\/strong>\u00a0Tambi\u00e9n se puede acceder a una\u00a0versi\u00f3n virtual que complementar\u00e1 esta propuesta, a trav\u00e9s de la p\u00e1gina oficial\u00a0www.expoeducativa.mendoza.edu.ar.<\/p>\n\n\n\n<p><strong>Fuente: www.elsol.com.ar<\/strong><\/p>\n","protected":false},"excerpt":{"rendered":"<p>Durante la presentaci\u00f3n de la\u00a0Expo Educativa 2024, el ministro de Educaci\u00f3n, Cultura, Infancias y DGE,\u00a0Tadeo Garc\u00eda Zalazar, adelant\u00f3 que lanzar\u00e1 un sistema de becas para estudiantes que elijan profesorados espec\u00edficos. \u201cNecesitamos que m\u00e1s j\u00f3venes estudien la carrera de profesorado, sobre todo los vinculados&nbsp;a la Matem\u00e1tica, Qu\u00edmica y F\u00edsica. Vamos a estar largando dentro de un [&hellip;]<\/p>\n","protected":false},"author":2,"featured_media":7920,"comment_status":"open","ping_status":"open","sticky":false,"template":"","format":"standard","meta":[],"categories":[56],"tags":[],"_links":{"self":[{"href":"https:\/\/pasaenmendoza.com\/index.php?rest_route=\/wp\/v2\/posts\/7919"}],"collection":[{"href":"https:\/\/pasaenmendoza.com\/index.php?rest_route=\/wp\/v2\/posts"}],"about":[{"href":"https:\/\/pasaenmendoza.com\/index.php?rest_route=\/wp\/v2\/types\/post"}],"author":[{"embeddable":true,"href":"https:\/\/pasaenmendoza.com\/index.php?rest_route=\/wp\/v2\/users\/2"}],"replies":[{"embeddable":true,"href":"https:\/\/pasaenmendoza.com\/index.php?rest_route=%2Fwp%2Fv2%2Fcomments&post=7919"}],"version-history":[{"count":1,"href":"https:\/\/pasaenmendoza.com\/index.php?rest_route=\/wp\/v2\/posts\/7919\/revisions"}],"predecessor-version":[{"id":7921,"href":"https:\/\/pasaenmendoza.com\/index.php?rest_route=\/wp\/v2\/posts\/7919\/revisions\/7921"}],"wp:featuredmedia":[{"embeddable":true,"href":"https:\/\/pasaenmendoza.com\/index.php?rest_route=\/wp\/v2\/media\/7920"}],"wp:attachment":[{"href":"https:\/\/pasaenmendoza.com\/index.php?rest_route=%2Fwp%2Fv2%2Fmedia&parent=7919"}],"wp:term":[{"taxonomy":"category","embeddable":true,"href":"https:\/\/pasaenmendoza.com\/index.php?rest_route=%2Fwp%2Fv2%2Fcategories&post=7919"},{"taxonomy":"post_tag","embeddable":true,"href":"https:\/\/pasaenmendoza.com\/index.php?rest_route=%2Fwp%2Fv2%2Ftags&post=7919"}],"curies":[{"name":"wp","href":"https:\/\/api.w.org\/{rel}","templated":true}]}}