{"id":7922,"date":"2024-05-30T23:57:11","date_gmt":"2024-05-30T21:57:11","guid":{"rendered":"https:\/\/pasaenmendoza.com\/?p=7922"},"modified":"2024-05-30T23:57:13","modified_gmt":"2024-05-30T21:57:13","slug":"precios-los-alimentos-que-mas-subieron-y-mas-bajaron-en-mendoza","status":"publish","type":"post","link":"https:\/\/pasaenmendoza.com\/?p=7922","title":{"rendered":"Precios: los alimentos que m\u00e1s subieron y m\u00e1s bajaron en Mendoza"},"content":{"rendered":"\n<p>Mucha preocupaci\u00f3n se observa en el sector empresario de Mendoza, ya que pese a la&nbsp;<strong>desaceleraci\u00f3n inflacionaria<\/strong>&nbsp;registrada en el \u00faltimo mes, que trajo aparejada una importante&nbsp;<strong>ca\u00edda de los precios<\/strong>,&nbsp;<mark>el consumo de alimentos no deja de derrumbarse.<\/mark>&nbsp;Este fen\u00f3meno provoc\u00f3 que en las g\u00f3ndolas varios productos se comenzaran a comercializar m\u00e1s baratos. Especialmente se ofrecen promociones en&nbsp;<strong>bebidas, aguas y l\u00e1cteos,<\/strong>&nbsp;que enfrentan riesgos de vencimiento debido a la falta de ventas.<\/p>\n\n\n\n<p>\u201c<strong>En abril se registr\u00f3 una ca\u00edda de ventas de todas las categor\u00edas.&nbsp;<\/strong>No hubo una sola que se haya posicionado o haya salido ilesa y eso fue muy preocupante para el sector\u201d, explic\u00f3 el referente de una importante cadena de supermercado nacional con presencia local.<\/p>\n\n\n\n<p>A la hora de dar cuenta sobre los productos que m\u00e1s han tenido que disminuir sus precios, el empresario dijo: \u201c<strong>Lo que m\u00e1s est\u00e1 bajando son las bebidas, las aguas y los l\u00e1cteos y tiene que ver con los vencimientos<\/strong>, ya que al no venderse tienen un riesgo de vencimiento\u201d.<\/p>\n\n\n\n<p>Asimismo, el empresario cont\u00f3 que lo que se est\u00e1 dando en los comercios son dos cosas: \u201cPor un lado, los productos que recibimos para comercializar<strong>&nbsp;ya llegan con aumentos, pero est\u00e1n por debajo de la inflaci\u00f3n<\/strong>; por otro lado, si no los recibimos tienen una reducci\u00f3n impl\u00edcita contra la inflaci\u00f3n, incluso, en algunos casos,&nbsp;<strong>estamos recibiendo para hacer promociones o descuentos y rotar el producto<\/strong>\u201c.<\/p>\n\n\n\n<h2 class=\"wp-block-heading\" id=\"h-supermercados-y-mayoristas-con-ventas-a-la-baja\">Supermercados y mayoristas con ventas a la baja<\/h2>\n\n\n\n<p>Seg\u00fan datos de la&nbsp;<em><strong>Encuesta de supermercados<\/strong><\/em>&nbsp;del&nbsp;<strong>Instituto Nacional de Estad\u00edsticas y Censos<\/strong>&nbsp;(INDEC), en marzo de 2024, el \u00edndice de ventas totales a precios constantes en los supermercados muestra una ca\u00edda interanual de 9,3%. El acumulado enero-marzo de este a\u00f1o presenta una variaci\u00f3n decreciente de 11,5%, respecto a igual per\u00edodo de 2023.<\/p>\n\n\n\n<p>El pr\u00f3ximo 19 de junio se dar\u00e1 a conocer un nuevo informe t\u00e9cnico, con datos actualizados del mes de abril del 2024.<\/p>\n\n\n\n<p><strong>Rub\u00e9n David<\/strong>&nbsp;manifest\u00f3 que los precios hoy est\u00e1n muy dispares y dependen mucho de las compa\u00f1\u00edas. Asimismo, aclar\u00f3 que \u201cest\u00e1n muy alineados con la inflaci\u00f3n\u201d. A modo de ejemplo,&nbsp;<mark>mencion\u00f3 la baja en el precio del caf\u00e9.<\/mark><\/p>\n\n\n\n<p>\u201cToda la informaci\u00f3n que se proporcionan desde el INDEC o las consultoras son bastantes reales, no son distorsivas de la realidad como a\u00f1os atr\u00e1s. Salvo algunos productos, la mayor\u00eda de los precios han ido a la baja. Creo que falta un par de meses para que la situaci\u00f3n en Argentina se normalice\u201d, agreg\u00f3.<\/p>\n\n\n\n<h2 class=\"wp-block-heading\" id=\"h-la-situacion-en-panaderias-y-verdulerias\">La situaci\u00f3n en panader\u00edas y verduler\u00edas<\/h2>\n\n\n\n<p>El panorama se replica tambi\u00e9n en las&nbsp;<mark>panader\u00edas y las verduler\u00edas<\/mark>, donde la ca\u00edda de las ventas supera el 25% interanual.<\/p>\n\n\n\n<p>El \u00faltimo aumento registrado en las panader\u00edas fue a comienzos de mayo y rond\u00f3 el 13%.\u00a0Se trat\u00f3 del segundo incremento en el a\u00f1o y esta situaci\u00f3n hizo que el consumo de los mendocinos cayera notoriamente.<\/p>\n\n\n\n<p>\u201cHace 15 d\u00edas la harina sufri\u00f3 un aumento del 15%<strong>&nbsp;y esta semana el incremento fue del 10%, lo mismo que la grasa que subi\u00f3 un 20% esta semana.&nbsp;<\/strong>La verdad es que el contexto no nos favorece, pero no podemos aumentar los precios porque directamente no vendemos nada\u201d, dijo&nbsp;<strong>Walter Tirapu<\/strong>, tesorero de la Asociaci\u00f3n de Industriales Panaderos de Mendoza.<\/p>\n\n\n\n<p>El empresario cont\u00f3 que la gente se limita a la compra de productos b\u00e1sicos como pan, tortitas o facturas, relegando los de mayor valor agregado por su alto costo como son los postres, las tartas, los s\u00e1ndwiches, entre otros.<\/p>\n\n\n\n<p>En cuanto a las<strong>&nbsp;frutas y verduras,<\/strong>&nbsp;la situaci\u00f3n es similar. \u201cEn las \u00faltimas semanas,<strong>&nbsp;han bajado los precios de los c\u00edtricos, la papa, la cebolla, la lechuga, el repollo.&nbsp;<\/strong>Frutas y verduras de estaci\u00f3n y, as\u00ed y todo, las ventas no se activan. Es muy preocupante\u201d, dijo&nbsp;<strong>Omar Carrasco<\/strong>, de la Uni\u00f3n Frutihort\u00edcola.<\/p>\n\n\n\n<h2 class=\"wp-block-heading\" id=\"h-por-que-si-los-precios-bajan-el-consumo-no-se-activa\"><br>Por qu\u00e9 si los precios bajan, el consumo no se activa<\/h2>\n\n\n\n<p>La explicaci\u00f3n a este fen\u00f3meno tiene muchas respuestas, pero los especialistas aseguran que fundamentalmente&nbsp;<mark>tiene vinculaci\u00f3n con la p\u00e9rdida del poder adquisitivo en salarios y jubilaciones.<\/mark><\/p>\n\n\n\n<p>\u201cEl poder de compra se desmoron\u00f3 y<strong>&nbsp;muchos sectores tuvieron que reacomodar los precios a la baja para conseguir mercado&nbsp;<\/strong>y, vender lo m\u00ednimo e indispensable para subsistir\u201d, explic\u00f3 el economista&nbsp;<strong>Jos\u00e9 Vargas<\/strong>.<\/p>\n\n\n\n<p>Asimismo, el especialista explic\u00f3 que&nbsp;<mark>la mayor\u00eda de los consumidores est\u00e1 tratando de cubrir las necesidades m\u00ednimas los 30 d\u00edas del mes.<\/mark>&nbsp;Para ello, busca descuentos, promociones, bonificaciones especiales de las tarjetas, entre otras estrategias.<\/p>\n\n\n\n<p>\u201cEl consumidor diversifica lo m\u00e1s que puede, entre el supermercado, la despensa de barrio, el mayorista, la carnicer\u00eda y la verduler\u00eda. Busca precios por d\u00f3nde y c\u00f3mo pueda. El objetivo es hacer rendir lo m\u00e1s que se pueda el salario\u201d, manifest\u00f3 Vargas.<\/p>\n\n\n\n<p><strong>Fuente: www.elsol.com.ar<\/strong><\/p>\n","protected":false},"excerpt":{"rendered":"<p>Mucha preocupaci\u00f3n se observa en el sector empresario de Mendoza, ya que pese a la&nbsp;desaceleraci\u00f3n inflacionaria&nbsp;registrada en el \u00faltimo mes, que trajo aparejada una importante&nbsp;ca\u00edda de los precios,&nbsp;el consumo de alimentos no deja de derrumbarse.&nbsp;Este fen\u00f3meno provoc\u00f3 que en las g\u00f3ndolas varios productos se comenzaran a comercializar m\u00e1s baratos. Especialmente se ofrecen promociones en&nbsp;bebidas, aguas [&hellip;]<\/p>\n","protected":false},"author":2,"featured_media":7923,"comment_status":"open","ping_status":"open","sticky":false,"template":"","format":"standard","meta":[],"categories":[75],"tags":[],"_links":{"self":[{"href":"https:\/\/pasaenmendoza.com\/index.php?rest_route=\/wp\/v2\/posts\/7922"}],"collection":[{"href":"https:\/\/pasaenmendoza.com\/index.php?rest_route=\/wp\/v2\/posts"}],"about":[{"href":"https:\/\/pasaenmendoza.com\/index.php?rest_route=\/wp\/v2\/types\/post"}],"author":[{"embeddable":true,"href":"https:\/\/pasaenmendoza.com\/index.php?rest_route=\/wp\/v2\/users\/2"}],"replies":[{"embeddable":true,"href":"https:\/\/pasaenmendoza.com\/index.php?rest_route=%2Fwp%2Fv2%2Fcomments&post=7922"}],"version-history":[{"count":1,"href":"https:\/\/pasaenmendoza.com\/index.php?rest_route=\/wp\/v2\/posts\/7922\/revisions"}],"predecessor-version":[{"id":7924,"href":"https:\/\/pasaenmendoza.com\/index.php?rest_route=\/wp\/v2\/posts\/7922\/revisions\/7924"}],"wp:featuredmedia":[{"embeddable":true,"href":"https:\/\/pasaenmendoza.com\/index.php?rest_route=\/wp\/v2\/media\/7923"}],"wp:attachment":[{"href":"https:\/\/pasaenmendoza.com\/index.php?rest_route=%2Fwp%2Fv2%2Fmedia&parent=7922"}],"wp:term":[{"taxonomy":"category","embeddable":true,"href":"https:\/\/pasaenmendoza.com\/index.php?rest_route=%2Fwp%2Fv2%2Fcategories&post=7922"},{"taxonomy":"post_tag","embeddable":true,"href":"https:\/\/pasaenmendoza.com\/index.php?rest_route=%2Fwp%2Fv2%2Ftags&post=7922"}],"curies":[{"name":"wp","href":"https:\/\/api.w.org\/{rel}","templated":true}]}}