{"id":7928,"date":"2024-05-31T14:10:01","date_gmt":"2024-05-31T12:10:01","guid":{"rendered":"https:\/\/pasaenmendoza.com\/?p=7928"},"modified":"2024-05-31T14:10:02","modified_gmt":"2024-05-31T12:10:02","slug":"omar-de-marchi-y-su-rol-en-el-gabinete-de-javier-milei-con-francos-a-la-cabeza","status":"publish","type":"post","link":"https:\/\/pasaenmendoza.com\/?p=7928","title":{"rendered":"Omar De Marchi y su rol en el Gabinete de Javier Milei con Francos a la cabeza"},"content":{"rendered":"\n<p>El mendocino respond\u00eda a Nicol\u00e1s Posse. Aseguran que tiene buena relaci\u00f3n con Francos y Catal\u00e1n. Cu\u00e1les tareas le ha encomendado el presidente.<\/p>\n\n\n\n<p><strong>Omar De Marchi\u00a0<\/strong>y<strong>\u00a0Javier Milei<\/strong>\u00a0tienen una relaci\u00f3n cercana que tejieron en el Congreso cuando coincidieron en la C\u00e1mara de Diputados. El mendocino perdi\u00f3 las elecciones provinciales frente a\u00a0<strong>Alfredo Cornejo\u00a0<\/strong>y el libertario gan\u00f3 la presidencia. Sin lugar en la provincia,\u00a0<strong>Milei\u00a0<\/strong>se llev\u00f3 a su amigo a la\u00a0<strong>Casa Rosada<\/strong>. Al principio hubo rumores de que iba a manejar la cartera de Educaci\u00f3n, pero finalmente fue nombrado secretario de Relaciones Parlamentarias dentro del gabinete nacional.<\/p>\n\n\n\n<p><strong>De Marchi\u00a0<\/strong>respond\u00eda directamente al exjefe de gabinete\u00a0<strong>Nicol\u00e1s Posse\u00a0<\/strong>y -seg\u00fan indicaron- fue uno de los encargados de llevar adelante el extenso informe del jefe de gabinete ante el Congreso. \u201cDesde el principio su tarea est\u00e1 relacionada con lo administrativo. Particip\u00f3 de la elaboraci\u00f3n en tiempo r\u00e9cord del informe en el que m\u00e1s preguntas se contestaron\u201d, destacaron desde el entorno del exintendente de Luj\u00e1n.\u00a0<\/p>\n\n\n\n<p>Adem\u00e1s, indicaron que\u00a0<strong>De Marchi\u00a0<\/strong>ha estado lejos de la rosca pol\u00edtica y que no ha intervenido en las negociaciones ni en la estrategia parlamentaria. \u201cSu rol ha sido otro porque tiene otras responsabilidades m\u00e1s ligadas a lo administrativo\u201d, agregaron.\u00a0<\/p>\n\n\n\n<p>En cuanto a la relaci\u00f3n de\u00a0<strong>Omar De Marchi<\/strong>\u00a0con el flamante jefe de Gabinete\u00a0<strong>Guillermo Francos\u00a0<\/strong>y su n\u00famero dos,\u00a0<strong>Lisandro Catal\u00e1n<\/strong>, sus allegados aseguraron que es muy buena y aclararon que en pol\u00edtica no se puede analizar todo desde el punto de vista personal, sino que hay que tener en cuenta las funciones que se van a desplegar.<\/p>\n\n\n\n<p>Por otro lado, los allegados a\u00a0<strong>Omar De Marchi\u00a0<\/strong>despejaron las dudas que se sembraron sobre una posible salida del exdiputado nacional de la Casa Rosada y tildaron todas las especulaciones de operaciones pol\u00edticas. \u201cTodo indica que sigue como est\u00e1\u201d, cerraron.\u00a0<\/p>\n\n\n\n<p>FUENTE: MDZonline.<\/p>\n","protected":false},"excerpt":{"rendered":"<p>El mendocino respond\u00eda a Nicol\u00e1s Posse. Aseguran que tiene buena relaci\u00f3n con Francos y Catal\u00e1n. Cu\u00e1les tareas le ha encomendado el presidente. Omar De Marchi\u00a0y\u00a0Javier Milei\u00a0tienen una relaci\u00f3n cercana que tejieron en el Congreso cuando coincidieron en la C\u00e1mara de Diputados. El mendocino perdi\u00f3 las elecciones provinciales frente a\u00a0Alfredo Cornejo\u00a0y el libertario gan\u00f3 la presidencia. [&hellip;]<\/p>\n","protected":false},"author":2,"featured_media":7929,"comment_status":"open","ping_status":"open","sticky":true,"template":"","format":"standard","meta":[],"categories":[47],"tags":[],"_links":{"self":[{"href":"https:\/\/pasaenmendoza.com\/index.php?rest_route=\/wp\/v2\/posts\/7928"}],"collection":[{"href":"https:\/\/pasaenmendoza.com\/index.php?rest_route=\/wp\/v2\/posts"}],"about":[{"href":"https:\/\/pasaenmendoza.com\/index.php?rest_route=\/wp\/v2\/types\/post"}],"author":[{"embeddable":true,"href":"https:\/\/pasaenmendoza.com\/index.php?rest_route=\/wp\/v2\/users\/2"}],"replies":[{"embeddable":true,"href":"https:\/\/pasaenmendoza.com\/index.php?rest_route=%2Fwp%2Fv2%2Fcomments&post=7928"}],"version-history":[{"count":1,"href":"https:\/\/pasaenmendoza.com\/index.php?rest_route=\/wp\/v2\/posts\/7928\/revisions"}],"predecessor-version":[{"id":7930,"href":"https:\/\/pasaenmendoza.com\/index.php?rest_route=\/wp\/v2\/posts\/7928\/revisions\/7930"}],"wp:featuredmedia":[{"embeddable":true,"href":"https:\/\/pasaenmendoza.com\/index.php?rest_route=\/wp\/v2\/media\/7929"}],"wp:attachment":[{"href":"https:\/\/pasaenmendoza.com\/index.php?rest_route=%2Fwp%2Fv2%2Fmedia&parent=7928"}],"wp:term":[{"taxonomy":"category","embeddable":true,"href":"https:\/\/pasaenmendoza.com\/index.php?rest_route=%2Fwp%2Fv2%2Fcategories&post=7928"},{"taxonomy":"post_tag","embeddable":true,"href":"https:\/\/pasaenmendoza.com\/index.php?rest_route=%2Fwp%2Fv2%2Ftags&post=7928"}],"curies":[{"name":"wp","href":"https:\/\/api.w.org\/{rel}","templated":true}]}}