{"id":7931,"date":"2024-05-31T14:13:25","date_gmt":"2024-05-31T12:13:25","guid":{"rendered":"https:\/\/pasaenmendoza.com\/?p=7931"},"modified":"2024-05-31T14:14:45","modified_gmt":"2024-05-31T12:14:45","slug":"el-gobierno-otorgo-nuevos-aumentos-a-policias-y-penitenciarios","status":"publish","type":"post","link":"https:\/\/pasaenmendoza.com\/?p=7931","title":{"rendered":"El Gobierno otorg\u00f3 nuevos aumentos a polic\u00edas y penitenciarios"},"content":{"rendered":"\n<p>Los incrementos se dan en dos \u00edtems espec\u00edficos que tambi\u00e9n incluye a jubilados y pensionados.<\/p>\n\n\n\n<p>El Gobierno de&nbsp;<strong>Alfredo Cornejo<\/strong>&nbsp;anunci\u00f3 un nuevo aumento salarial para&nbsp;<strong>polic\u00edas<\/strong>&nbsp;y&nbsp;<strong>penitenciarios<\/strong>&nbsp;provinciales. El incremento, que comenzar\u00e1 a regir a partir del 1 de junio, se da espec\u00edficamente en dos \u00edtems. Jubilados y pensionados de la fuerza de Seguridad tambi\u00e9n se ver\u00e1n beneficiados.<\/p>\n\n\n\n<p>A trav\u00e9s del decreto 1073, publicado en el Bolet\u00edn Oficial, el Ejecutivo otorgar\u00e1 un nuevo aumento para los efectivos policiales y del servicio de penitenciarios. El documento cuenta con la firma del propio Cornejo y de los ministros&nbsp;<strong>V\u00edctor Fayad<\/strong>&nbsp;(Hacienda) y de&nbsp;<strong>Mercedes Rus&nbsp;<\/strong>(Seguridad y Justicia).<\/p>\n\n\n\n<p>La decisi\u00f3n del Poder Ejecutivo porque uno de sus \u201c<em>objetivos prioritarios<\/em>\u201d de gesti\u00f3n es el \u201c<em>mejoramiento de las condiciones de la Seguridad P\u00fablica<\/em>\u201d. Bajo el argumento de que el tanto la polic\u00eda como los penitenciarios no se encuentra alcanzada por las normas de negociaci\u00f3n colectiva del sector p\u00fablico, \u201c<em>resulta necesario establecer un incremento salarial para el personal<\/em>\u201d.<\/p>\n\n\n\n<p>Ya de lleno en los aumentos salariales,&nbsp;<mark>el Gobierno subi\u00f3 del 10% al 20% el \u00edtem \u201cAdicional General por Funci\u00f3n Fuerzas de Seguridad\u201d.<\/mark><\/p>\n\n\n\n<p>Adem\u00e1s dispuso que el \u201cAdicional Personal de Seguridad (\u00cdtem 1433)\u201d pasar\u00e1 a ser del 19%. El decreto se\u00f1ala que solo se modifica los porcentajes de los puntos mencionados, sin modificar el car\u00e1cter del mismo ni su forma de c\u00e1lculo.<\/p>\n\n\n\n<p>\u201cSe trata de dos \u00edtems propios de las fuerzas, que en el caso de la polic\u00eda hacen a las funciones esenciales de prevenci\u00f3n y persecuci\u00f3n del delito. Tambi\u00e9n fortalecer\u00e1 el trabajo que ya vienen realizando, sumando competencias y tareas espec\u00edficas en el marco de las leyes que se est\u00e1n debatiendo en la Legislatura\u201d, explicaron desde el Ministerio de Seguridad.<\/p>\n\n\n\n<p>Adem\u00e1s, \u00a0en el caso de los beneficiarios del\u00a0<mark>R\u00e9gimen de Retiros y Pensiones del personal policial y del Servicio Penitenciario<\/mark>\u00a0de la provincia de Mendoza, se hace necesario otorgar las mismas condiciones salariales que a los agentes que se encuentran en actividad.<\/p>\n\n\n\n<p>FUENTE: Elsol.com.ar <\/p>\n","protected":false},"excerpt":{"rendered":"<p>Los incrementos se dan en dos \u00edtems espec\u00edficos que tambi\u00e9n incluye a jubilados y pensionados. El Gobierno de&nbsp;Alfredo Cornejo&nbsp;anunci\u00f3 un nuevo aumento salarial para&nbsp;polic\u00edas&nbsp;y&nbsp;penitenciarios&nbsp;provinciales. El incremento, que comenzar\u00e1 a regir a partir del 1 de junio, se da espec\u00edficamente en dos \u00edtems. Jubilados y pensionados de la fuerza de Seguridad tambi\u00e9n se ver\u00e1n beneficiados. A [&hellip;]<\/p>\n","protected":false},"author":2,"featured_media":7933,"comment_status":"open","ping_status":"open","sticky":true,"template":"","format":"standard","meta":[],"categories":[47],"tags":[],"_links":{"self":[{"href":"https:\/\/pasaenmendoza.com\/index.php?rest_route=\/wp\/v2\/posts\/7931"}],"collection":[{"href":"https:\/\/pasaenmendoza.com\/index.php?rest_route=\/wp\/v2\/posts"}],"about":[{"href":"https:\/\/pasaenmendoza.com\/index.php?rest_route=\/wp\/v2\/types\/post"}],"author":[{"embeddable":true,"href":"https:\/\/pasaenmendoza.com\/index.php?rest_route=\/wp\/v2\/users\/2"}],"replies":[{"embeddable":true,"href":"https:\/\/pasaenmendoza.com\/index.php?rest_route=%2Fwp%2Fv2%2Fcomments&post=7931"}],"version-history":[{"count":1,"href":"https:\/\/pasaenmendoza.com\/index.php?rest_route=\/wp\/v2\/posts\/7931\/revisions"}],"predecessor-version":[{"id":7932,"href":"https:\/\/pasaenmendoza.com\/index.php?rest_route=\/wp\/v2\/posts\/7931\/revisions\/7932"}],"wp:featuredmedia":[{"embeddable":true,"href":"https:\/\/pasaenmendoza.com\/index.php?rest_route=\/wp\/v2\/media\/7933"}],"wp:attachment":[{"href":"https:\/\/pasaenmendoza.com\/index.php?rest_route=%2Fwp%2Fv2%2Fmedia&parent=7931"}],"wp:term":[{"taxonomy":"category","embeddable":true,"href":"https:\/\/pasaenmendoza.com\/index.php?rest_route=%2Fwp%2Fv2%2Fcategories&post=7931"},{"taxonomy":"post_tag","embeddable":true,"href":"https:\/\/pasaenmendoza.com\/index.php?rest_route=%2Fwp%2Fv2%2Ftags&post=7931"}],"curies":[{"name":"wp","href":"https:\/\/api.w.org\/{rel}","templated":true}]}}