{"id":7934,"date":"2024-05-31T14:20:14","date_gmt":"2024-05-31T12:20:14","guid":{"rendered":"https:\/\/pasaenmendoza.com\/?p=7934"},"modified":"2024-05-31T14:20:15","modified_gmt":"2024-05-31T12:20:15","slug":"la-extrana-formula-del-pj-para-pedir-una-tarifa-de-colectivo-a-260","status":"publish","type":"post","link":"https:\/\/pasaenmendoza.com\/?p=7934","title":{"rendered":"La extra\u00f1a f\u00f3rmula del PJ para pedir una tarifa de colectivo a $260"},"content":{"rendered":"\n<p>Un mes despu\u00e9s del \u00faltimo aumento de la\u00a0<strong>tarifa de colectivo en Mendoza<\/strong>, que lleg\u00f3 a\u00a0<strong>$550<\/strong>\u00a0para el recorrido m\u00e1s barato, sigue el debate sobre lo que representa este n\u00famero: por un lado, el Gobierno insiste en que sigue siendo uno de los valores m\u00e1s bajos del pa\u00eds, y\u00a0<strong>desde la oposici\u00f3n consideran que es un precio excesivo.<\/strong><\/p>\n\n\n\n<p>En este contexto, una diputada peronista propuso que la tarifa del transporte de colectivos de Mendoza surja de una&nbsp;<strong>f\u00f3rmula matem\u00e1tica que contemple diferentes factores<\/strong>, con el objetivo que&nbsp;<strong>ning\u00fan usuario del transporte p\u00fablico gaste en este servicio menos del 6% de un salario m\u00ednimo vital y m\u00f3vil.<\/strong><\/p>\n\n\n\n<p>La diputada en cuesti\u00f3n es\u00a0<strong>Natalia Vicencio<\/strong><a rel=\"noreferrer noopener\" href=\"https:\/\/www.mendozapost.com\/politica\/anabel-fernandez-sagasti-biografia-historia\/\" target=\"_blank\">,<\/a>\u00a0y propone a trav\u00e9s de una ley que &#8220;la tarifa de transporte p\u00fablico de pasajeros en radio urbano y conurbano no podr\u00e1 en ning\u00fan momento superar el valor que resulta de la siguiente f\u00f3rmula:\u00a0<strong>TM (6 * SMVM \/ 100) \/ UPM<\/strong>. Aclarando que TM es &#8220;Tarifa m\u00e1xima&#8221;, SMVM es &#8220;Salario m\u00ednimo vital y m\u00f3vil&#8221; y UPM: 54 hace referencia a &#8220;Uso promedio mensual de 54 pasajes&#8221;.<\/p>\n\n\n\n<p>Entonces, bajo la f\u00f3rmula matem\u00e1tica que propone Vicencio y la premisa de que para pagar 54 pasajes no se invierta m\u00e1s del 6% de un salario m\u00ednimo vital y m\u00f3vil al mes,&nbsp;<strong>habr\u00eda que hacer la siguiente cuenta<\/strong>: multiplicar 6 por el salario m\u00ednimo, equivalente hoy a $234.315,12, y dividirlo por 100; ese resultado, a su vez, habr\u00eda que dividirlo por 54, que ser\u00edan la cantidad de viajes al mes.<\/p>\n\n\n\n<p>Hecha la cuenta, bajo esta f\u00f3rmula, hoy en d\u00eda la&nbsp;<strong>tarifa plana del colectivo en Mendoza<\/strong>&nbsp;deber\u00eda ser de<strong>&nbsp;$260<\/strong>. As\u00ed lo propone la diputada Vicencio, que lleg\u00f3 a su banca con el respaldo de la CTA; de hecho, su pareja es Gustavo Correa, secretario general en Mendoza.<\/p>\n\n\n\n<p>FUENTE: Mendozapost.<\/p>\n","protected":false},"excerpt":{"rendered":"<p>Un mes despu\u00e9s del \u00faltimo aumento de la\u00a0tarifa de colectivo en Mendoza, que lleg\u00f3 a\u00a0$550\u00a0para el recorrido m\u00e1s barato, sigue el debate sobre lo que representa este n\u00famero: por un lado, el Gobierno insiste en que sigue siendo uno de los valores m\u00e1s bajos del pa\u00eds, y\u00a0desde la oposici\u00f3n consideran que es un precio excesivo. [&hellip;]<\/p>\n","protected":false},"author":2,"featured_media":7935,"comment_status":"open","ping_status":"open","sticky":true,"template":"","format":"standard","meta":[],"categories":[47],"tags":[],"_links":{"self":[{"href":"https:\/\/pasaenmendoza.com\/index.php?rest_route=\/wp\/v2\/posts\/7934"}],"collection":[{"href":"https:\/\/pasaenmendoza.com\/index.php?rest_route=\/wp\/v2\/posts"}],"about":[{"href":"https:\/\/pasaenmendoza.com\/index.php?rest_route=\/wp\/v2\/types\/post"}],"author":[{"embeddable":true,"href":"https:\/\/pasaenmendoza.com\/index.php?rest_route=\/wp\/v2\/users\/2"}],"replies":[{"embeddable":true,"href":"https:\/\/pasaenmendoza.com\/index.php?rest_route=%2Fwp%2Fv2%2Fcomments&post=7934"}],"version-history":[{"count":1,"href":"https:\/\/pasaenmendoza.com\/index.php?rest_route=\/wp\/v2\/posts\/7934\/revisions"}],"predecessor-version":[{"id":7936,"href":"https:\/\/pasaenmendoza.com\/index.php?rest_route=\/wp\/v2\/posts\/7934\/revisions\/7936"}],"wp:featuredmedia":[{"embeddable":true,"href":"https:\/\/pasaenmendoza.com\/index.php?rest_route=\/wp\/v2\/media\/7935"}],"wp:attachment":[{"href":"https:\/\/pasaenmendoza.com\/index.php?rest_route=%2Fwp%2Fv2%2Fmedia&parent=7934"}],"wp:term":[{"taxonomy":"category","embeddable":true,"href":"https:\/\/pasaenmendoza.com\/index.php?rest_route=%2Fwp%2Fv2%2Fcategories&post=7934"},{"taxonomy":"post_tag","embeddable":true,"href":"https:\/\/pasaenmendoza.com\/index.php?rest_route=%2Fwp%2Fv2%2Ftags&post=7934"}],"curies":[{"name":"wp","href":"https:\/\/api.w.org\/{rel}","templated":true}]}}