{"id":7937,"date":"2024-05-31T14:28:06","date_gmt":"2024-05-31T12:28:06","guid":{"rendered":"https:\/\/pasaenmendoza.com\/?p=7937"},"modified":"2024-05-31T14:28:07","modified_gmt":"2024-05-31T12:28:07","slug":"el-intendente-de-alvear-dijo-que-peligra-el-agua-del-atuel-y-convocara-de-urgencia-a-sus-pares-del-sur","status":"publish","type":"post","link":"https:\/\/pasaenmendoza.com\/?p=7937","title":{"rendered":"El intendente de Alvear dijo que peligra el agua del Atuel y convocar\u00e1 de urgencia a sus pares del Sur"},"content":{"rendered":"\n<p>Alejandro Molero expres\u00f3 su preocupaci\u00f3n por los reclamos de La Pampa. Advirti\u00f3 que en esa provincia ense\u00f1an a los chicos que &#8220;Mendoza les rob\u00f3 un r\u00edo&#8221;.<\/p>\n\n\n\n<p>El intendente de General Alvear,\u00a0<strong>Alejandro Molero\u00a0<\/strong>se mostr\u00f3 muy preocupado por los\u00a0reclamos judiciales de La Pampa para exigir que Mendoza libere m\u00e1s agua del r\u00edo Atuel.\u00a0Concretamente lo que pide la provincia vecina es recibir 3,2m3 por segundo, de acuerdo con un fallo de la Corte Suprema de Justicia de la Naci\u00f3n.<\/p>\n\n\n\n<p>El jefe comunal consider\u00f3 peligroso que frente a las presentaciones pampeanas ante el m\u00e1ximo tribunal la provincia se vea obligada a ceder parte del Atuel. Lo consider\u00f3&nbsp;<strong>&#8220;un alto riesgo&#8221;.<\/strong><\/p>\n\n\n\n<p>Para\u00a0<em>Jani<\/em>\u00a0Molero es necesario ejercer una defensa fuerte y por ello es que anunci\u00f3 que \u00e9l mismo pedir\u00e1 una reuni\u00f3n urgente con los otros intendentes del Sur -Celso Jaque de Malarg\u00fce y Omar F\u00e9lix de San Rafael- y con el superintendente general de Irrigaci\u00f3n, Sergio Marinelli.<\/p>\n\n\n\n<h2 class=\"wp-block-heading\">El intendente de Alvear est\u00e1 muy preocupado por el agua del r\u00edo Atuel<\/h2>\n\n\n\n<p>Molero dijo con \u00e9nfasis:&nbsp;<strong>\u201cVamos a ser absolutamente claros, los alvearenses no podemos ser timoratos y tener medias tintas en la defensa del r\u00edo Atuel porque sin el r\u00edo se nos va la vida, se nos va el futuro, se nos va la posibilidad de producci\u00f3n y nosotros en eso tenemos que estar sumamente consustanciados, atentos y repito: con absoluta contundencia y decisi\u00f3n. Ac\u00e1 no es tiempo para tibios ni para posiciones ambiguas\u201d<\/strong>.<\/p>\n\n\n\n<p>El intendente formul\u00f3 esas declaraciones en una entrevista realizada en la emisora FM Vi\u00f1as.<\/p>\n\n\n\n<p>Record\u00f3 el dirigente radical que \u201cla Corte nacional dio lugar a la \u00faltima demanda de La Pampa y le dio 10 d\u00edas a Mendoza para responder. Nuestra provincia ha presentado su defensa (el mi\u00e9rcoles), pero en mi opini\u00f3n, absolutamente personal y en la que muchos coincidimos, tenemos un alto riesgo en el r\u00edo Atuel y es que los mendocinos estemos obligados a cederle parte de nuestro r\u00edo a la Pampa&#8221;.<\/p>\n\n\n\n<p>Molero cont\u00f3 que &#8220;se est\u00e1 trabajando en todos los aspectos, en todos los sentidos. Yo ya mismo (por este jueves) me voy a poner con la agenda para convocar a los tres intendentes del sur, voy a ver si lo hacemos para el d\u00eda lunes, y ah\u00ed convocar a todos los actores necesarios, a convocar al superintendente de Irrigaci\u00f3n a trabajar sobre este tema que nos preocupa de sobremanera y que necesitamos r\u00e1pidamente ponernos a trabajar, concientizar, visibilizar\u201d.<\/p>\n\n\n\n<h2 class=\"wp-block-heading\">&#8220;En las escuelas de La Pampa ense\u00f1an que Mendoza les rob\u00f3 un r\u00edo&#8221;<\/h2>\n\n\n\n<p>En la entrevista con la radio alvearense mencionada Molero afirm\u00f3 que &#8220;el r\u00edo Atuel no s\u00f3lo es vital para la vida en la regi\u00f3n, sino que tambi\u00e9n desempe\u00f1a un papel fundamental en la producci\u00f3n local, y crucial para la sostenibilidad de diversas actividades econ\u00f3micas&#8221;.<\/p>\n\n\n\n<p>Pero su cr\u00edtica m\u00e1s fuerte hacia la provincia gobernada por el peronista Sergio Ziliotto, el intendente asever\u00f3: \u201cHace 40 a\u00f1os que vienen instruyendo en las escuelas o como le quieren decir, que\u00a0<strong>Mendoza les rob\u00f3 un r\u00edo y eso lo han logrado hacer carne en la sociedad.<\/strong>\u00a0Entonces dif\u00edcilmente se pueda acceder a acuerdos serios, equilibrados, con el gobierno pampeano cuando lo tiene hecho como una cuesti\u00f3n casi ideol\u00f3gica y cultural. Tenemos que estar muy atentos, movilizados, unidos, trabajando juntos para esta nueva embestida de la Pampa&#8221;.<\/p>\n\n\n\n<p>FUENTE: Diariouno.com.ar <\/p>\n","protected":false},"excerpt":{"rendered":"<p>Alejandro Molero expres\u00f3 su preocupaci\u00f3n por los reclamos de La Pampa. Advirti\u00f3 que en esa provincia ense\u00f1an a los chicos que &#8220;Mendoza les rob\u00f3 un r\u00edo&#8221;. El intendente de General Alvear,\u00a0Alejandro Molero\u00a0se mostr\u00f3 muy preocupado por los\u00a0reclamos judiciales de La Pampa para exigir que Mendoza libere m\u00e1s agua del r\u00edo Atuel.\u00a0Concretamente lo que pide la [&hellip;]<\/p>\n","protected":false},"author":2,"featured_media":7938,"comment_status":"open","ping_status":"open","sticky":true,"template":"","format":"standard","meta":[],"categories":[47],"tags":[],"_links":{"self":[{"href":"https:\/\/pasaenmendoza.com\/index.php?rest_route=\/wp\/v2\/posts\/7937"}],"collection":[{"href":"https:\/\/pasaenmendoza.com\/index.php?rest_route=\/wp\/v2\/posts"}],"about":[{"href":"https:\/\/pasaenmendoza.com\/index.php?rest_route=\/wp\/v2\/types\/post"}],"author":[{"embeddable":true,"href":"https:\/\/pasaenmendoza.com\/index.php?rest_route=\/wp\/v2\/users\/2"}],"replies":[{"embeddable":true,"href":"https:\/\/pasaenmendoza.com\/index.php?rest_route=%2Fwp%2Fv2%2Fcomments&post=7937"}],"version-history":[{"count":1,"href":"https:\/\/pasaenmendoza.com\/index.php?rest_route=\/wp\/v2\/posts\/7937\/revisions"}],"predecessor-version":[{"id":7939,"href":"https:\/\/pasaenmendoza.com\/index.php?rest_route=\/wp\/v2\/posts\/7937\/revisions\/7939"}],"wp:featuredmedia":[{"embeddable":true,"href":"https:\/\/pasaenmendoza.com\/index.php?rest_route=\/wp\/v2\/media\/7938"}],"wp:attachment":[{"href":"https:\/\/pasaenmendoza.com\/index.php?rest_route=%2Fwp%2Fv2%2Fmedia&parent=7937"}],"wp:term":[{"taxonomy":"category","embeddable":true,"href":"https:\/\/pasaenmendoza.com\/index.php?rest_route=%2Fwp%2Fv2%2Fcategories&post=7937"},{"taxonomy":"post_tag","embeddable":true,"href":"https:\/\/pasaenmendoza.com\/index.php?rest_route=%2Fwp%2Fv2%2Ftags&post=7937"}],"curies":[{"name":"wp","href":"https:\/\/api.w.org\/{rel}","templated":true}]}}