{"id":7940,"date":"2024-05-31T16:10:59","date_gmt":"2024-05-31T14:10:59","guid":{"rendered":"https:\/\/pasaenmendoza.com\/?p=7940"},"modified":"2024-05-31T16:11:00","modified_gmt":"2024-05-31T14:11:00","slug":"vuelven-las-tardes-calidas-y-no-hay-pronostico-de-lluvia","status":"publish","type":"post","link":"https:\/\/pasaenmendoza.com\/?p=7940","title":{"rendered":"Vuelven las tardes c\u00e1lidas y no hay pron\u00f3stico de lluvia"},"content":{"rendered":"\n<p><strong>Este viernes tendremos una tarde c\u00e1lida y ma\u00f1ana tambi\u00e9n, pero el domingo vuelve el fr\u00edo.<\/strong><\/p>\n\n\n\n<p>Seg\u00fan el&nbsp;<strong>SMN<\/strong>, en el Gran Mendoza la m\u00e1xima llegar\u00e1 hoy a los<strong>&nbsp;17\u00b0&nbsp;<\/strong>y la humedad relativa del ambiente se mantiene alrededor del 80%.<\/p>\n\n\n\n<p>El cielo permanece con pocas nubes y sopla leve viento del Norte<\/p>\n\n\n\n<p>Ma\u00f1ana s\u00e1bado tambi\u00e9n se espera una m\u00e1xima de<strong>&nbsp;17\u00b0<\/strong>&nbsp;aunque a la noche ingresa un&nbsp;<strong>frente del sur<\/strong>&nbsp;que volver\u00e1 a bajar la temperatura y, el domingo, se prev\u00e9 una m\u00e1xima de 11\u00b0.&nbsp;<\/p>\n\n\n\n<p>En tanto que, la semana que viene, tendr\u00e1 temperaturas m\u00e1s c\u00e1lidas.&nbsp;<\/p>\n\n\n\n<p>No se prev\u00e9n lluvias para los pr\u00f3ximos d\u00edas.\u00a0<\/p>\n\n\n\n<p><strong>Fuente: wwww.mendozapost.com<\/strong><\/p>\n","protected":false},"excerpt":{"rendered":"<p>Este viernes tendremos una tarde c\u00e1lida y ma\u00f1ana tambi\u00e9n, pero el domingo vuelve el fr\u00edo. Seg\u00fan el&nbsp;SMN, en el Gran Mendoza la m\u00e1xima llegar\u00e1 hoy a los&nbsp;17\u00b0&nbsp;y la humedad relativa del ambiente se mantiene alrededor del 80%. El cielo permanece con pocas nubes y sopla leve viento del Norte Ma\u00f1ana s\u00e1bado tambi\u00e9n se espera una [&hellip;]<\/p>\n","protected":false},"author":2,"featured_media":7941,"comment_status":"open","ping_status":"open","sticky":false,"template":"","format":"standard","meta":[],"categories":[52],"tags":[],"_links":{"self":[{"href":"https:\/\/pasaenmendoza.com\/index.php?rest_route=\/wp\/v2\/posts\/7940"}],"collection":[{"href":"https:\/\/pasaenmendoza.com\/index.php?rest_route=\/wp\/v2\/posts"}],"about":[{"href":"https:\/\/pasaenmendoza.com\/index.php?rest_route=\/wp\/v2\/types\/post"}],"author":[{"embeddable":true,"href":"https:\/\/pasaenmendoza.com\/index.php?rest_route=\/wp\/v2\/users\/2"}],"replies":[{"embeddable":true,"href":"https:\/\/pasaenmendoza.com\/index.php?rest_route=%2Fwp%2Fv2%2Fcomments&post=7940"}],"version-history":[{"count":1,"href":"https:\/\/pasaenmendoza.com\/index.php?rest_route=\/wp\/v2\/posts\/7940\/revisions"}],"predecessor-version":[{"id":7942,"href":"https:\/\/pasaenmendoza.com\/index.php?rest_route=\/wp\/v2\/posts\/7940\/revisions\/7942"}],"wp:featuredmedia":[{"embeddable":true,"href":"https:\/\/pasaenmendoza.com\/index.php?rest_route=\/wp\/v2\/media\/7941"}],"wp:attachment":[{"href":"https:\/\/pasaenmendoza.com\/index.php?rest_route=%2Fwp%2Fv2%2Fmedia&parent=7940"}],"wp:term":[{"taxonomy":"category","embeddable":true,"href":"https:\/\/pasaenmendoza.com\/index.php?rest_route=%2Fwp%2Fv2%2Fcategories&post=7940"},{"taxonomy":"post_tag","embeddable":true,"href":"https:\/\/pasaenmendoza.com\/index.php?rest_route=%2Fwp%2Fv2%2Ftags&post=7940"}],"curies":[{"name":"wp","href":"https:\/\/api.w.org\/{rel}","templated":true}]}}