{"id":7943,"date":"2024-05-31T16:14:19","date_gmt":"2024-05-31T14:14:19","guid":{"rendered":"https:\/\/pasaenmendoza.com\/?p=7943"},"modified":"2024-05-31T16:14:21","modified_gmt":"2024-05-31T14:14:21","slug":"quien-era-el-ladron-que-murio-de-un-disparo-mientras-robaba-una-casa-en-lujan","status":"publish","type":"post","link":"https:\/\/pasaenmendoza.com\/?p=7943","title":{"rendered":"Qui\u00e9n era el ladr\u00f3n que muri\u00f3 de un disparo mientras robaba una casa en Luj\u00e1n"},"content":{"rendered":"\n<p>En la madrugada de este viernes, un\u00a0<strong>hombre mat\u00f3 a un presunto ladr\u00f3n<\/strong>\u00a0en el departamento de<strong>\u00a0Luj\u00e1n de Cuyo<\/strong>, sobrecalle<strong>\u00a0San Mart\u00edn (Ruta Provincial 15)<\/strong>, en el distrito de\u00a0<strong>Perdriel<\/strong>.\u00a0<\/p>\n\n\n\n<p>Seg\u00fan el reporte del Ministerio de Seguridad, dos sujetos habr\u00edan producido da\u00f1os en la ventana de una vivienda e ingresaron al domicilio con la intenci\u00f3n de sustraer un televisor.\u00a0<strong>El due\u00f1o de la casa advirti\u00f3 la situaci\u00f3n y le dispar\u00f3 a uno de ellos con una escopeta<\/strong>.\u00a0<\/p>\n\n\n\n<p>El\u00a0<strong>fallecido<\/strong>\u00a0en el hecho fue identificado como\u00a0<strong>V\u00edctor Laciar Robledo<\/strong>, de 30 a\u00f1os, quien ya contaba con\u00a0<strong>antecedentes policiales por robo simple y violaci\u00f3n de las medidas sanitarias durante la pandemia de coronavirus, entre otros.\u00a0<\/strong><\/p>\n\n\n\n<p>Las investigaciones iniciales, dirigidas por el fiscal de&nbsp;<strong>Homicidios Gustavo Pirrello<\/strong>, revelaron que&nbsp;<strong>Laciar Robledo<\/strong>&nbsp;fue sorprendido por el due\u00f1o de una casa sobre&nbsp;<strong>Ruta 15<\/strong>&nbsp;cuando intentaba robar un televisor junto a un c\u00f3mplice. En ese momento,&nbsp;<strong>recibi\u00f3 un disparo de escopeta a corta distancia.<\/strong><\/p>\n\n\n\n<p><strong>Robledo<\/strong>\u00a0fue atendido por el m\u00e9dico de guardia del Centro de Salud 31, despu\u00e9s de que una pareja que se movilizaba en un Renault 12 lo trasladara al lugar para recibir asistencia m\u00e9dica.\u00a0<\/p>\n\n\n\n<p>Tras confirmar su deceso, efectivos de Investigaciones se dirigieron a la casa que presuntamente intent\u00f3 asaltar. En el lugar, encontraron rastros de sangre en la vereda y entrevistaron al propietario del domicilio, un hombre de 68 a\u00f1os.\u00a0<\/p>\n\n\n\n<p>El due\u00f1o de la vivienda declar\u00f3 que se encontraba en el ba\u00f1o cuando escuch\u00f3 ruidos y, al salir, vio a dos sujetos intentando robar su televisor. En respuesta, tom\u00f3 una escopeta y dispar\u00f3 para evitar el robo. El caso sigue en desarrollo mientras se buscan m\u00e1s pruebas y se intenta localizar al segundo involucrado.<\/p>\n\n\n\n<p><strong>Detalle de los delitos:\u00a0<\/strong><\/p>\n\n\n\n<p>-Robo Agravado en poblado y en banda en 2019.&nbsp;<\/p>\n\n\n\n<p>-Roban un sistema de audio y parlante. Recupera la libertad el mismo d\u00eda. Esto ocurri\u00f3 el 11 de noviembre de 2019<\/p>\n\n\n\n<p>-Robo Simple: roba una garrafa y una pava el\u00e9ctrica de unas canchas de f\u00fatbol en 2022.&nbsp;<\/p>\n\n\n\n<p>-Lo detienen el 02\/08\/22 y obtiene la libertad el 04\/08\/22. Se acumularon causas. Pidieron juicio abreviado, pero no hay condena.<\/p>\n\n\n\n<p><strong>Fuente: www.mendozapost.com<\/strong><\/p>\n","protected":false},"excerpt":{"rendered":"<p>En la madrugada de este viernes, un\u00a0hombre mat\u00f3 a un presunto ladr\u00f3n\u00a0en el departamento de\u00a0Luj\u00e1n de Cuyo, sobrecalle\u00a0San Mart\u00edn (Ruta Provincial 15), en el distrito de\u00a0Perdriel.\u00a0 Seg\u00fan el reporte del Ministerio de Seguridad, dos sujetos habr\u00edan producido da\u00f1os en la ventana de una vivienda e ingresaron al domicilio con la intenci\u00f3n de sustraer un televisor.\u00a0El [&hellip;]<\/p>\n","protected":false},"author":2,"featured_media":7944,"comment_status":"open","ping_status":"open","sticky":false,"template":"","format":"standard","meta":[],"categories":[48],"tags":[],"_links":{"self":[{"href":"https:\/\/pasaenmendoza.com\/index.php?rest_route=\/wp\/v2\/posts\/7943"}],"collection":[{"href":"https:\/\/pasaenmendoza.com\/index.php?rest_route=\/wp\/v2\/posts"}],"about":[{"href":"https:\/\/pasaenmendoza.com\/index.php?rest_route=\/wp\/v2\/types\/post"}],"author":[{"embeddable":true,"href":"https:\/\/pasaenmendoza.com\/index.php?rest_route=\/wp\/v2\/users\/2"}],"replies":[{"embeddable":true,"href":"https:\/\/pasaenmendoza.com\/index.php?rest_route=%2Fwp%2Fv2%2Fcomments&post=7943"}],"version-history":[{"count":1,"href":"https:\/\/pasaenmendoza.com\/index.php?rest_route=\/wp\/v2\/posts\/7943\/revisions"}],"predecessor-version":[{"id":7945,"href":"https:\/\/pasaenmendoza.com\/index.php?rest_route=\/wp\/v2\/posts\/7943\/revisions\/7945"}],"wp:featuredmedia":[{"embeddable":true,"href":"https:\/\/pasaenmendoza.com\/index.php?rest_route=\/wp\/v2\/media\/7944"}],"wp:attachment":[{"href":"https:\/\/pasaenmendoza.com\/index.php?rest_route=%2Fwp%2Fv2%2Fmedia&parent=7943"}],"wp:term":[{"taxonomy":"category","embeddable":true,"href":"https:\/\/pasaenmendoza.com\/index.php?rest_route=%2Fwp%2Fv2%2Fcategories&post=7943"},{"taxonomy":"post_tag","embeddable":true,"href":"https:\/\/pasaenmendoza.com\/index.php?rest_route=%2Fwp%2Fv2%2Ftags&post=7943"}],"curies":[{"name":"wp","href":"https:\/\/api.w.org\/{rel}","templated":true}]}}