{"id":7949,"date":"2024-05-31T16:24:40","date_gmt":"2024-05-31T14:24:40","guid":{"rendered":"https:\/\/pasaenmendoza.com\/?p=7949"},"modified":"2024-05-31T16:24:42","modified_gmt":"2024-05-31T14:24:42","slug":"murieron-dos-motociclistas-y-ya-son-80-las-victimas-fatales-por-accidentes-de-transito-en-mendoza","status":"publish","type":"post","link":"https:\/\/pasaenmendoza.com\/?p=7949","title":{"rendered":"Murieron dos motociclistas y ya son 80 las v\u00edctimas fatales por accidentes de tr\u00e1nsito en Mendoza"},"content":{"rendered":"\n<p>Con el fallecimiento de dos hombres este jueves en siniestros viales, volvi\u00f3 a alterarse la estad\u00edstica de muertos por\u00a0<strong>accidentes en Mendoza\u00a0<\/strong>en lo que va de 2024.\u00a0<strong>Ya son 80 en 5 meses.<\/strong>\u00a0En todo 2023 fueron 119,\u00a0por lo que la diferencia, cuando al a\u00f1o le quedan a\u00fan 7 meses, es de 39.<\/p>\n\n\n\n<p>Es decir que de seguir esta tendencia, que por ahora da&nbsp;<strong>casi 20 muertos por mes por siniestros viales,&nbsp;<\/strong>aquel n\u00famero del a\u00f1o pasado se superar\u00e1 ampliamente.<\/p>\n\n\n\n<p>Los \u00faltimos casos fueron los de un joven en Jun\u00edn y un hombre mayor en Godoy Cruz. En uno de ellos la muerte fue en el lugar del hecho y en el otro, un d\u00eda despu\u00e9s en el Hospital Central.<\/p>\n\n\n\n<h2 class=\"wp-block-heading\">Otros dos muertos por accidentes en Mendoza<\/h2>\n\n\n\n<p>Al hecho conocido en la ma\u00f1ana, de un motociclista fallecido en Jun\u00edn en las primeras horas del d\u00eda, se sum\u00f3 este jueves el de otro conductor de una moto que no pudo recuperarse de un choque que hab\u00eda sufrido el mi\u00e9rcoles.<\/p>\n\n\n\n<p>En Matheu y Primera Junta de Godoy Cruz, cerca de las 18 de ese d\u00eda, un Chevrolet Agile, conducido por un hombre de 28 a\u00f1os, colision\u00f3 con la moto Honda 110 c.c. que manejaba Juan Baigorria Lucero, de 73 a\u00f1os, acompa\u00f1ado por un menor de 7 a\u00f1os.<\/p>\n\n\n\n<p><strong>La moto&nbsp;<\/strong>circulaba por Matheu con direcci\u00f3n de oeste a este, mientras que el autom\u00f3vil lo hac\u00eda por Primera Junta de sur a norte y al llegar a la intersecci\u00f3n, por causas que se investigan y se tratan de establecer, ambos veh\u00edculos chocaron.<\/p>\n\n\n\n<p>Baigorria Lucero sufri\u00f3 politraumatismos graves y fue trasladado al Hospital Central. All\u00ed falleci\u00f3 a las 9.30 de este jueves. El menor que lo acompa\u00f1aba tambi\u00e9n result\u00f3 herido y fue trasladado al Hospital Notti con politraumatismos.<\/p>\n\n\n\n<p>El conductor del autom\u00f3vil result\u00f3 ileso.<\/p>\n\n\n\n<p>En 2023, el<strong>&nbsp;jefe de la Polic\u00eda Vial de Mendoza, Javier L\u00f3pez<\/strong>, inform\u00f3 que hubo 119 muertes por accidentes viales en Mendoza.<\/p>\n\n\n\n<p>Esta<strong>\u00a0cifra coincidi\u00f3 con la del 2022<\/strong>. Este a\u00f1o, en cambio, en 5 meses, ya se alcanz\u00f3 casi el 70% del n\u00famero de los a\u00f1os precedentes.<\/p>\n\n\n\n<p><strong>Fuente: www.diariouno.com.ar<\/strong><\/p>\n","protected":false},"excerpt":{"rendered":"<p>Con el fallecimiento de dos hombres este jueves en siniestros viales, volvi\u00f3 a alterarse la estad\u00edstica de muertos por\u00a0accidentes en Mendoza\u00a0en lo que va de 2024.\u00a0Ya son 80 en 5 meses.\u00a0En todo 2023 fueron 119,\u00a0por lo que la diferencia, cuando al a\u00f1o le quedan a\u00fan 7 meses, es de 39. Es decir que de seguir [&hellip;]<\/p>\n","protected":false},"author":2,"featured_media":7950,"comment_status":"open","ping_status":"open","sticky":false,"template":"","format":"standard","meta":[],"categories":[48],"tags":[],"_links":{"self":[{"href":"https:\/\/pasaenmendoza.com\/index.php?rest_route=\/wp\/v2\/posts\/7949"}],"collection":[{"href":"https:\/\/pasaenmendoza.com\/index.php?rest_route=\/wp\/v2\/posts"}],"about":[{"href":"https:\/\/pasaenmendoza.com\/index.php?rest_route=\/wp\/v2\/types\/post"}],"author":[{"embeddable":true,"href":"https:\/\/pasaenmendoza.com\/index.php?rest_route=\/wp\/v2\/users\/2"}],"replies":[{"embeddable":true,"href":"https:\/\/pasaenmendoza.com\/index.php?rest_route=%2Fwp%2Fv2%2Fcomments&post=7949"}],"version-history":[{"count":1,"href":"https:\/\/pasaenmendoza.com\/index.php?rest_route=\/wp\/v2\/posts\/7949\/revisions"}],"predecessor-version":[{"id":7951,"href":"https:\/\/pasaenmendoza.com\/index.php?rest_route=\/wp\/v2\/posts\/7949\/revisions\/7951"}],"wp:featuredmedia":[{"embeddable":true,"href":"https:\/\/pasaenmendoza.com\/index.php?rest_route=\/wp\/v2\/media\/7950"}],"wp:attachment":[{"href":"https:\/\/pasaenmendoza.com\/index.php?rest_route=%2Fwp%2Fv2%2Fmedia&parent=7949"}],"wp:term":[{"taxonomy":"category","embeddable":true,"href":"https:\/\/pasaenmendoza.com\/index.php?rest_route=%2Fwp%2Fv2%2Fcategories&post=7949"},{"taxonomy":"post_tag","embeddable":true,"href":"https:\/\/pasaenmendoza.com\/index.php?rest_route=%2Fwp%2Fv2%2Ftags&post=7949"}],"curies":[{"name":"wp","href":"https:\/\/api.w.org\/{rel}","templated":true}]}}