{"id":7957,"date":"2024-05-31T23:55:00","date_gmt":"2024-05-31T21:55:00","guid":{"rendered":"https:\/\/pasaenmendoza.com\/?p=7957"},"modified":"2024-05-31T23:55:01","modified_gmt":"2024-05-31T21:55:01","slug":"mendoza-incorporo-a-otros-180-policias-a-la-fuerza-y-busca-fortalecer-el-combate-a-la-inseguridad","status":"publish","type":"post","link":"https:\/\/pasaenmendoza.com\/?p=7957","title":{"rendered":"Mendoza incorpor\u00f3 a otros 180 polic\u00edas a la fuerza y busca fortalecer el combate a la inseguridad"},"content":{"rendered":"\n<p>El gobernador&nbsp;<strong>Alfredo Cornejo&nbsp;<\/strong>y la ministra de Seguridad y Justicia,&nbsp;<strong>Mercedes Rus<\/strong>, encabezaron este jueves el acto de&nbsp;<strong>incorporaci\u00f3n de 180 efectivos<\/strong>&nbsp;que se suman a la fuerza policial de&nbsp;<strong>Mendoza<\/strong>. Los nuevos uniformados ser\u00e1n asignados en diferentes puntos de la provincia de acuerdo con las necesidades de cada distrital.<\/p>\n\n\n\n<p>La iniciativa se enmarca en un proceso de reasignaci\u00f3n integral de funciones en la c\u00fapula policial, el cual ha sido de vital importancia en los \u00faltimos tiempos. Cerca de 90% de todas las jefaturas distritales y departamentales han experimentado esta renovaci\u00f3n, lo que refleja un compromiso firme con la mejora continua en materia de seguridad.<\/p>\n\n\n\n<p>Asimismo, se suma a los m\u00e1s de 1.500 ascensos en la fuerza, que hacen a la decisi\u00f3n pol\u00edtica de otra refuncionalizaci\u00f3n estrat\u00e9gica con la que se ha logrado fortalecer y optimizar los abordajes de seguridad. \u201cDesde el ministerio se hace todo el tr\u00e1mite de una manera muy r\u00e1pida y efectiva, los alumnos egresan y son nombrados, lo que supone un gran trabajo de toda la administraci\u00f3n\u201d, explic\u00f3 la ministra Rus.<\/p>\n\n\n\n<p>Por su parte, el gobernador Cornejo dio la bienvenida a los nuevos polic\u00edas y destac\u00f3 la importancia de tener una instituci\u00f3n con prestigio para mejorar la seguridad en la sociedad. Se refiri\u00f3 a la necesidad de tener mejores leyes y destac\u00f3 el compromiso del Gobierno provincial en garantizar la seguridad de la poblaci\u00f3n.<\/p>\n\n\n\n<p>Dirigi\u00e9ndose a los efectivos policiales, les dijo: \u201cUstedes saben que todav\u00eda en nuestra Constituci\u00f3n figura que el gobernador de la provincia es el jefe de las milicias, y si bien es un t\u00e9rmino viejo, tiene m\u00e1s de 100 a\u00f1os, est\u00e1 vigente en la actualidad y la Polic\u00eda de Mendoza son nuestras milicias\u201d.<\/p>\n\n\n\n<p>En ese sentido, Cornejo agreg\u00f3 que \u201cel Estado, que trasciende a los gobiernos, tiene un compromiso irrenunciable de tener m\u00e1s y mejor seguridad para la sociedad y para eso tambi\u00e9n se requieren mejores leyes\u201d.\u00a0<br>En ese punto, hizo hincapi\u00e9 en las leyes que se est\u00e1n modificando para adecuarlas a la realidad contempor\u00e1nea y tambi\u00e9n las normas que est\u00e1n incluidas en el paquete que \u201cpretendemos que la Naci\u00f3n modifique en el C\u00f3digo Penal\u201d.<\/p>\n\n\n\n<h3 class=\"wp-block-heading\"><strong>\u201cUna instituci\u00f3n policial con prestigio que mantiene el orden y la paz\u201d<\/strong><\/h3>\n\n\n\n<p>Asimismo, aclar\u00f3 que \u201ces imprescindible para mejorar la seguridad tener una instituci\u00f3n policial con prestigio en todo el sentido de la palabra, lo que significa autoridad, porque si la instituci\u00f3n policial tiene autoridad, gana la sociedad, y esta es necesaria para mantener la paz social y el orden\u201d.&nbsp;<\/p>\n\n\n\n<p>En otro paso de su discurso, el mandatario habl\u00f3 sobre la profesi\u00f3n policial y se\u00f1al\u00f3 que requiere conocimientos especializados en tecnolog\u00eda, leyes, armas, temas f\u00edsicos y sociedad: \u201cEs necesario que los polic\u00edas est\u00e9n bien formados, como un ingeniero, m\u00e9dico, abogado o periodista, y el Instituto de Formaci\u00f3n Universitario ha avanzado en mejorar la preparaci\u00f3n de los polic\u00edas, por lo cual esta formaci\u00f3n contribuye al prestigio y autoridad de la polic\u00eda\u201d.<\/p>\n\n\n\n<p>Para poner en contexto sus palabras, Cornejo afirm\u00f3: \u201cCreemos haber avanzado bastante con el Instituto de Formaci\u00f3n Universitario, aunque sabemos que podemos mejorar mucho m\u00e1s a\u00fan\u201d.<\/p>\n\n\n\n<p>En este sentido, la ministra Rus dijo que \u201cser miembro de las fuerzas de seguridad de la provincia supone una excelsa caracter\u00edstica y trascendencia que tiene que ver con que los hace copart\u00edcipes de la paz social y una convivencia que es la necesaria para que el Estado tambi\u00e9n pueda satisfacer las necesidades b\u00e1sicas\u201d.<\/p>\n\n\n\n<p>En la misma l\u00ednea, la funcionaria se\u00f1al\u00f3: \u201cEspero que esta vocaci\u00f3n solemne que ustedes han elegido, este camino los acompa\u00f1e y los gu\u00ede en un ejercicio responsable y respetuoso del uniforme que portan. Aqu\u00ed estaremos desde este ministerio, todo el gabinete y por supuesto el se\u00f1or Gobernador, acompa\u00f1ando la funci\u00f3n de cada uno de ustedes\u201d.<\/p>\n\n\n\n<h3 class=\"wp-block-heading\"><strong>La modificaci\u00f3n de leyes para prestar un mejor servicio<\/strong><\/h3>\n\n\n\n<p>El mandatario explic\u00f3 que se est\u00e1n realizando cambios en las leyes y se trabaja en conjunto con el Poder Judicial para combatir el delito. \u201cEstamos realizando allanamientos masivos en varios lugares, pero tambi\u00e9n queremos que los jueces se comprometan a\u00fan m\u00e1s en el fuero penal y en otros fueros con la convivencia social y la defensa de estos valores de la libertad y de la paz\u201d, afirm\u00f3.<\/p>\n\n\n\n<p>Teniendo en cuenta este concepto, pidi\u00f3 mayor funcionamiento de la Justicia y de los magistrados en brindar herramientas para que la Polic\u00eda prevenga y reprima el delito en el marco de la ley. Es m\u00e1s, pidi\u00f3 celeridad en los procesos judiciales y en las reformas que present\u00f3 la ministra Rus en la Legislatura.<\/p>\n\n\n\n<p>En el acto tambi\u00e9n estuvieron presentes el director general de Investigaciones, Jos\u00e9 Vega; el subsecretario de Tecnolog\u00eda Aplicada a la Seguridad, Leandro Biskupovich; el subsecretario de Justicia, Marcelo D&#8217;Agostino; el jefe de Gabinete, Hugo S\u00e1nchez; el director general de Polic\u00edas, Marcelo Calipo; el subdirector de Polic\u00edas, Roberto Favaro; el director general de Relaciones con la Comunidad, Hern\u00e1n Amat; el director de Administraci\u00f3n, Marcelo Penutto, y el director del Instituto Universitario de Seguridad P\u00fablica (IUSP), Alberto Rivero.<\/p>\n\n\n\n<p><strong>Fuente: diariomendoza.com.ar<\/strong><\/p>\n\n\n\n<p><\/p>\n","protected":false},"excerpt":{"rendered":"<p>El gobernador&nbsp;Alfredo Cornejo&nbsp;y la ministra de Seguridad y Justicia,&nbsp;Mercedes Rus, encabezaron este jueves el acto de&nbsp;incorporaci\u00f3n de 180 efectivos&nbsp;que se suman a la fuerza policial de&nbsp;Mendoza. Los nuevos uniformados ser\u00e1n asignados en diferentes puntos de la provincia de acuerdo con las necesidades de cada distrital. La iniciativa se enmarca en un proceso de reasignaci\u00f3n integral [&hellip;]<\/p>\n","protected":false},"author":2,"featured_media":7958,"comment_status":"open","ping_status":"open","sticky":false,"template":"","format":"standard","meta":[],"categories":[96],"tags":[],"_links":{"self":[{"href":"https:\/\/pasaenmendoza.com\/index.php?rest_route=\/wp\/v2\/posts\/7957"}],"collection":[{"href":"https:\/\/pasaenmendoza.com\/index.php?rest_route=\/wp\/v2\/posts"}],"about":[{"href":"https:\/\/pasaenmendoza.com\/index.php?rest_route=\/wp\/v2\/types\/post"}],"author":[{"embeddable":true,"href":"https:\/\/pasaenmendoza.com\/index.php?rest_route=\/wp\/v2\/users\/2"}],"replies":[{"embeddable":true,"href":"https:\/\/pasaenmendoza.com\/index.php?rest_route=%2Fwp%2Fv2%2Fcomments&post=7957"}],"version-history":[{"count":1,"href":"https:\/\/pasaenmendoza.com\/index.php?rest_route=\/wp\/v2\/posts\/7957\/revisions"}],"predecessor-version":[{"id":7959,"href":"https:\/\/pasaenmendoza.com\/index.php?rest_route=\/wp\/v2\/posts\/7957\/revisions\/7959"}],"wp:featuredmedia":[{"embeddable":true,"href":"https:\/\/pasaenmendoza.com\/index.php?rest_route=\/wp\/v2\/media\/7958"}],"wp:attachment":[{"href":"https:\/\/pasaenmendoza.com\/index.php?rest_route=%2Fwp%2Fv2%2Fmedia&parent=7957"}],"wp:term":[{"taxonomy":"category","embeddable":true,"href":"https:\/\/pasaenmendoza.com\/index.php?rest_route=%2Fwp%2Fv2%2Fcategories&post=7957"},{"taxonomy":"post_tag","embeddable":true,"href":"https:\/\/pasaenmendoza.com\/index.php?rest_route=%2Fwp%2Fv2%2Ftags&post=7957"}],"curies":[{"name":"wp","href":"https:\/\/api.w.org\/{rel}","templated":true}]}}